{"id":45877,"date":"2024-10-07T22:12:13","date_gmt":"2024-10-07T22:12:13","guid":{"rendered":"https:\/\/tvbrazilusa.com\/2024\/10\/07\/ex-pm-e-morto-a-tiros-quando-saia-de-casa\/"},"modified":"2024-10-07T22:12:14","modified_gmt":"2024-10-07T22:12:14","slug":"ex-pm-e-morto-a-tiros-quando-saia-de-casa","status":"publish","type":"post","link":"https:\/\/tvbrazilusa.com\/pt\/2024\/10\/07\/ex-pm-e-morto-a-tiros-quando-saia-de-casa\/","title":{"rendered":"Ex-PM \u00e9 morto a tiros quando sa\u00eda de casa"},"content":{"rendered":"<p> <script async src=\"https:\/\/pagead2.googlesyndication.com\/pagead\/js\/adsbygoogle.js?client=ca-pub-8864793242727901\"\r\n     crossorigin=\"anonymous\"><\/script><br \/>\n<\/p>\n<div data-block-type=\"unstyled\" data-block-weight=\"38\">\n<p class=\"content-text__container\" data-track-category=\"Link no Texto\" data-track-links=\"data-track-links\">Testemunhas contaram a agentes do batalh\u00e3o que Andr\u00e9 sa\u00eda de casa, na Rua Formosa, para passear com seus cachorros quando ocupantes de um carro, de modelo n\u00e3o identificado, passaram atirando. Os criminosos estavam encapuzados, segundo os relatos.<\/p>\n<p>Os PMs isolaram o local do crime e acionaram a per\u00edcia. Equipes da Delegacia de Homic\u00eddios da Capital (DHC) seguiram para a regi\u00e3o. Em nota, a Pol\u00edcia Civil afirmou que &#8220;dilig\u00eancias est\u00e3o em andamento para apurar a autoria e a motiva\u00e7\u00e3o do crime&#8221;.\n<\/p>\n<p><strong>Preso em 2020<\/strong><br \/>Andr\u00e9 foi preso durante uma opera\u00e7\u00e3o da Corregedoria da PM em 2020 para combater quadrilhas que controlavam m\u00e1quinas ca\u00e7a-n\u00edqueis e faziam cobran\u00e7as ilegais a comerciante. Al\u00e9m dele, que na \u00e9poca era lotado no 31\u00ba BPM (Recreio dos Bandeirantes), foram detidos outros quatro policiais militares.\n<\/p>\n<p>Na ocasi\u00e3o foram encontrados no carro de Andr\u00e9 uma pistola e R$ 257 mil. O dinheiro estava em duas mochilas. Al\u00e9m disso, foram achados tamb\u00e9m cadernos com anota\u00e7\u00f5es e controle de arrecada\u00e7\u00e3o de m\u00e1quinas de jogos de azar, um distintivo da PM, uma touca ninja e um par de luvas pretas.\n<\/p>\n<p>Fonte: O Globo\n<\/p>\n<\/div>\n<p><br \/>\n<br \/><a href=\"https:\/\/diariodobrasilnoticias.com.br\/noticia\/ex-pm-e-morto-a-tiros-quando-saia-de-casa-67043dd594418\">Source link <\/a><\/p>","protected":false},"excerpt":{"rendered":"<p>Testemunhas contaram a agentes do batalh\u00e3o que Andr\u00e9 sa\u00eda de casa, na Rua Formosa, para passear com seus cachorros quando ocupantes de um carro, de modelo n\u00e3o identificado, passaram atirando.&hellip;<\/p>","protected":false},"author":1,"featured_media":45878,"comment_status":"closed","ping_status":"open","sticky":false,"template":"","format":"standard","meta":{"content-type":"","footnotes":""},"categories":[16],"tags":[123,2448,5313,1267],"class_list":["post-45877","post","type-post","status-publish","format-standard","has-post-thumbnail","hentry","category-noticias","tag-brasil","tag-diario","tag-noticia","tag-noticias"],"_links":{"self":[{"href":"https:\/\/tvbrazilusa.com\/pt\/wp-json\/wp\/v2\/posts\/45877","targetHints":{"allow":["GET"]}}],"collection":[{"href":"https:\/\/tvbrazilusa.com\/pt\/wp-json\/wp\/v2\/posts"}],"about":[{"href":"https:\/\/tvbrazilusa.com\/pt\/wp-json\/wp\/v2\/types\/post"}],"author":[{"embeddable":true,"href":"https:\/\/tvbrazilusa.com\/pt\/wp-json\/wp\/v2\/users\/1"}],"replies":[{"embeddable":true,"href":"https:\/\/tvbrazilusa.com\/pt\/wp-json\/wp\/v2\/comments?post=45877"}],"version-history":[{"count":1,"href":"https:\/\/tvbrazilusa.com\/pt\/wp-json\/wp\/v2\/posts\/45877\/revisions"}],"predecessor-version":[{"id":45879,"href":"https:\/\/tvbrazilusa.com\/pt\/wp-json\/wp\/v2\/posts\/45877\/revisions\/45879"}],"wp:featuredmedia":[{"embeddable":true,"href":"https:\/\/tvbrazilusa.com\/pt\/wp-json\/wp\/v2\/media\/45878"}],"wp:attachment":[{"href":"https:\/\/tvbrazilusa.com\/pt\/wp-json\/wp\/v2\/media?parent=45877"}],"wp:term":[{"taxonomy":"category","embeddable":true,"href":"https:\/\/tvbrazilusa.com\/pt\/wp-json\/wp\/v2\/categories?post=45877"},{"taxonomy":"post_tag","embeddable":true,"href":"https:\/\/tvbrazilusa.com\/pt\/wp-json\/wp\/v2\/tags?post=45877"}],"curies":[{"name":"wp","href":"https:\/\/api.w.org\/{rel}","templated":true}]}}