{"id":4588,"date":"2024-07-20T15:52:18","date_gmt":"2024-07-20T15:52:18","guid":{"rendered":"https:\/\/tvbrazilusa.com\/2024\/07\/20\/durante-o-governo-lula-assassinatos-de-pessoas-lgbtqia-tiveram-aumento-alarmante-veja-numeros\/"},"modified":"2024-07-20T15:55:36","modified_gmt":"2024-07-20T15:55:36","slug":"durante-o-governo-lula-assassinatos-de-pessoas-lgbtqia-tiveram-aumento-alarmante-veja-numeros","status":"publish","type":"post","link":"https:\/\/tvbrazilusa.com\/pt\/2024\/07\/20\/durante-o-governo-lula-assassinatos-de-pessoas-lgbtqia-tiveram-aumento-alarmante-veja-numeros\/","title":{"rendered":"Durante o governo Lula, assassinatos de pessoas LGBTQIA+ tiveram aumento alarmante; Veja n\u00fameros"},"content":{"rendered":"<p> <script async src=\"https:\/\/pagead2.googlesyndication.com\/pagead\/js\/adsbygoogle.js?client=ca-pub-8864793242727901\"\r\n     crossorigin=\"anonymous\"><\/script><br \/>\n<\/p>\n<div>\n<p>No ano de 2023, o Brasil registrou um aumento preocupante nos casos de viol\u00eancia contra a comunidade LGBTQIA+. Segundo o Anu\u00e1rio Brasileiro de Seguran\u00e7a P\u00fablica, foram contabilizados 214 homic\u00eddios de pessoas homossexuais ou transexuais, marcando um crescimento de 42% em compara\u00e7\u00e3o ao ano anterior.<\/p>\n<p>Este cen\u00e1rio reflete n\u00e3o apenas um aumento nos homic\u00eddios, mas tamb\u00e9m em outras formas de viol\u00eancia, como les\u00f5es corporais e estupros. Os dados revelam uma realidade dura enfrentada pela comunidade, onde a intoler\u00e2ncia ainda persiste de forma acentuada.<\/p>\n<h2 class=\"wp-block-heading\">Quais Estados Apresentam Maior \u00cdndice de Homic\u00eddios de LGBTQIA+?<\/h2>\n<p>Em 2023, Cear\u00e1, Maranh\u00e3o e Minas Gerais destacaram-se com os maiores n\u00fameros de homic\u00eddios desta comunidade, sendo o Cear\u00e1 o estado com a maior taxa por 100 mil habitantes. S\u00e3o n\u00fameros que alarmam e clamam por a\u00e7\u00f5es mais efetivas por parte das autoridades e da sociedade civil.<\/p>\n<h2 class=\"wp-block-heading\">Perfil do Crime e Subnotifica\u00e7\u00e3o<\/h2>\n<h3 class=\"wp-block-heading\">Um triste exemplo em S\u00e3o Paulo<\/h3>\n<p>\u00a0Leonardo Rodrigues Nunes, um jovem de 24 anos, foi brutalmente assassinado em S\u00e3o Paulo ap\u00f3s marcar um encontro pelo aplicativo Hornet. A m\u00e3e de Leonardo, Adriana Rodrigues, contesta a an\u00e1lise inicial da pol\u00edcia que negava motiva\u00e7\u00e3o homof\u00f3bica no crime. Segundo ela, seu filho foi v\u00edtima do \u00f3dio enraizado contra a comunidade LGBTQIA+, uma realidade dolorosa e frequente.<\/p>\n<h2 class=\"wp-block-heading\">Outras Formas de Viol\u00eancia em Ascens\u00e3o<\/h2>\n<p>A viol\u00eancia n\u00e3o se limita a homic\u00eddios. Os dados mostram um aumento nas incid\u00eancias de les\u00f5es corporais e estupros. Em 2023, os casos de les\u00f5es aumentaram para 3.673, enquanto que os de estupros subiram para 354. Tais estat\u00edsticas n\u00e3o apenas preocupam, como tamb\u00e9m indicam uma urg\u00eancia em refor\u00e7ar a prote\u00e7\u00e3o e os direitos desse grupo vulner\u00e1vel.<\/p>\n<ul class=\"wp-block-list\">\n<li>Les\u00f5es Corporais: aumento de 21%<\/li>\n<li>Estupros: aumento de 40,5%<\/li>\n<\/ul>\n<h2 class=\"wp-block-heading\">Como Podemos Combater a Viol\u00eancia Contra LGBTQIA+<\/h2>\n<p>\u00c9 essencial que a sociedade e as autoridades intensifiquem os esfor\u00e7os para combater a viol\u00eancia contra LGBTQIA+. Desde a promo\u00e7\u00e3o de campanhas de conscientiza\u00e7\u00e3o at\u00e9 a implementa\u00e7\u00e3o de pol\u00edticas p\u00fablicas mais s\u00f3lidas, o objetivo deve ser construir um ambiente de respeito e seguran\u00e7a para todos, independente da orienta\u00e7\u00e3o sexual ou identidade de g\u00eanero.<\/p>\n<p>Al\u00e9m disso, \u00e9 crucial trabalhar na melhoria da coleta de dados e no acompanhamento dos casos, como apontado pela pesquisadora Juliana Brand\u00e3o. A subnotifica\u00e7\u00e3o \u00e9 um grande desafio e impede uma compreens\u00e3o completa do cen\u00e1rio de viol\u00eancia, o que tamb\u00e9m dificulta a implementa\u00e7\u00e3o de medidas preventivas eficazes.<\/p>\n<p>Portanto, enquanto sociedade, nosso dever \u00e9 lutar por um Brasil mais inclusivo e seguro, onde todos possam viver livremente, sem medo de serem quem s\u00e3o.<\/p>\n<\/p><\/div>\n<p><br \/>\n<br \/><a href=\"https:\/\/terrabrasilnoticias.com\/2024\/07\/durante-o-governo-lula-assassinatos-de-pessoas-lgbtqia-tiveram-aumento-alarmante-veja-numeros\/\">Source link <\/a><\/p>","protected":false},"excerpt":{"rendered":"<p>No ano de 2023, o Brasil registrou um aumento preocupante nos casos de viol\u00eancia contra a comunidade LGBTQIA+. Segundo o Anu\u00e1rio Brasileiro de Seguran\u00e7a P\u00fablica, foram contabilizados 214 homic\u00eddios de&hellip;<\/p>","protected":false},"author":1,"featured_media":4589,"comment_status":"closed","ping_status":"open","sticky":false,"template":"","format":"standard","meta":{"content-type":"","footnotes":""},"categories":[16],"tags":[],"class_list":["post-4588","post","type-post","status-publish","format-standard","has-post-thumbnail","hentry","category-noticias"],"_links":{"self":[{"href":"https:\/\/tvbrazilusa.com\/pt\/wp-json\/wp\/v2\/posts\/4588","targetHints":{"allow":["GET"]}}],"collection":[{"href":"https:\/\/tvbrazilusa.com\/pt\/wp-json\/wp\/v2\/posts"}],"about":[{"href":"https:\/\/tvbrazilusa.com\/pt\/wp-json\/wp\/v2\/types\/post"}],"author":[{"embeddable":true,"href":"https:\/\/tvbrazilusa.com\/pt\/wp-json\/wp\/v2\/users\/1"}],"replies":[{"embeddable":true,"href":"https:\/\/tvbrazilusa.com\/pt\/wp-json\/wp\/v2\/comments?post=4588"}],"version-history":[{"count":1,"href":"https:\/\/tvbrazilusa.com\/pt\/wp-json\/wp\/v2\/posts\/4588\/revisions"}],"predecessor-version":[{"id":4590,"href":"https:\/\/tvbrazilusa.com\/pt\/wp-json\/wp\/v2\/posts\/4588\/revisions\/4590"}],"wp:featuredmedia":[{"embeddable":true,"href":"https:\/\/tvbrazilusa.com\/pt\/wp-json\/wp\/v2\/media\/4589"}],"wp:attachment":[{"href":"https:\/\/tvbrazilusa.com\/pt\/wp-json\/wp\/v2\/media?parent=4588"}],"wp:term":[{"taxonomy":"category","embeddable":true,"href":"https:\/\/tvbrazilusa.com\/pt\/wp-json\/wp\/v2\/categories?post=4588"},{"taxonomy":"post_tag","embeddable":true,"href":"https:\/\/tvbrazilusa.com\/pt\/wp-json\/wp\/v2\/tags?post=4588"}],"curies":[{"name":"wp","href":"https:\/\/api.w.org\/{rel}","templated":true}]}}