{"id":45880,"date":"2024-10-07T22:04:32","date_gmt":"2024-10-07T22:04:32","guid":{"rendered":"https:\/\/tvbrazilusa.com\/2024\/10\/07\/multas-pagas-do-x-vao-para-conta-correta-e-stf-manda-caso-a-pgr-paulo-figueiredo\/"},"modified":"2024-10-07T22:23:48","modified_gmt":"2024-10-07T22:23:48","slug":"multas-pagas-do-x-vao-para-conta-correta-e-stf-manda-caso-a-pgr-paulo-figueiredo","status":"publish","type":"post","link":"https:\/\/tvbrazilusa.com\/pt\/2024\/10\/07\/multas-pagas-do-x-vao-para-conta-correta-e-stf-manda-caso-a-pgr-paulo-figueiredo\/","title":{"rendered":"Multas pagas do X v\u00e3o para conta correta e STF manda caso \u00e0 PGR &#8211; Paulo Figueiredo"},"content":{"rendered":"<p> <script async src=\"https:\/\/pagead2.googlesyndication.com\/pagead\/js\/adsbygoogle.js?client=ca-pub-8864793242727901\"\r\n     crossorigin=\"anonymous\"><\/script><br \/>\n<\/p>\n<div id=\"wtr-content\" data-bg=\"#FFFFFF\" data-fg=\"#006d91\" data-width=\"25\" data-mute=\"1\" data-fgopacity=\"1.00\" data-mutedopacity=\"0.5\" data-placement=\"bottom\" data-placement-offset=\"0\" data-content-offset=\"262\" data-placement-touch=\"bottom\" data-placement-offset-touch=\"0\" data-transparent=\"\" data-shadow=\"0\" data-touch=\"1\" data-non-touch=\"1\" data-comments=\"0\" data-commentsbg=\"transparent\" data-location=\"page\" data-mutedfg=\"#006d91\" data-endfg=\"#006d91\" data-rtl=\"\">\n<h3 class=\"wp-block-heading\">A Caixa Econ\u00f4mica Federal (CEF) cumpriu determina\u00e7\u00e3o de Alexandre de Moraes e transferiu os valores depositados pela rede X para o BB<\/h3>\n<p>A Secretaria Judici\u00e1ria do Supremo Tribunal Federal certificou nos autos a Caixa Econ\u00f4mica Federal (CEF) que cumpriu determina\u00e7\u00e3o do ministro Alexandre de Moraes e transferiu\u00a0os valores depositados pela rede X\u00a0para a conta correta, que pertence ao Banco do Brasil. Na \u00faltima sexta-feira (4\/10), o X, de Elon Musk, tinha depositado\u00a0R$ 28,6 milh\u00f5es em multas na conta errada.<\/p>\n<p>O pagamento da quantia \u00e9 um dos pr\u00e9-requisitos para a rede, bloqueada desde 30 de agosto, voltar a funcionar no Brasil.<\/p>\n<p>Agora, o\u00a0Supremo Tribunal Federal (STF)\u00a0encaminhou os pedidos do X para o reestabelecimento da plataforma \u00e0 Procuradoria-Geral da Rep\u00fablica (PGR), que se manifestar\u00e1 quanto \u00e0s medidas adotadas pela rede de Musk.<\/p>\n<p>O bloqueio do X decorreu do descumprimento de uma s\u00e9rie de determina\u00e7\u00f5es judiciais por parte do bilion\u00e1rio Elon Musk e de sua equipe, al\u00e9m da falta de pagamento de multas.<\/p>\n<blockquote class=\"wp-block-quote is-layout-flow wp-block-quote-is-layout-flow\">\n<p>\u201cO dep\u00f3sito do valor de R$ 28.600.000,00 (vinte e oito milh\u00f5es e seiscentos mil reais) n\u00e3o foi realizado corretamente na conta vinculada a estes autos \u201c, escreveu Moraes na decis\u00e3o. \u201cH\u00e1, portanto, necessidade de regulariza\u00e7\u00e3o do dep\u00f3sito realizado pela X BRASIL INTERNET LTDA, para que haja o efetivo e integral adimplemento das multas\u201d, completou o ministro.<\/p>\n<\/blockquote>\n<p>A determina\u00e7\u00e3o do bloqueio foi encaminhada \u00e0 Ag\u00eancia Nacional de Telecomunica\u00e7\u00f5es (Anatel) e \u00e0s operadoras de servi\u00e7os digitais.<\/p>\n<p><strong><a href=\"https:\/\/www.metropoles.com\/brasil\/multas-pagas-do-x-vao-para-conta-correta-e-stf-manda-caso-a-pgr\">Source link<\/a><\/strong><\/p>\n<\/div>\n<p><br \/>\n<br \/><a href=\"https:\/\/paulofigueiredoshow.com\/multas-pagas-do-x-vao-para-conta-correta-e-stf-manda-caso-a-pgr\/\">Source link <\/a><\/p>","protected":false},"excerpt":{"rendered":"<p>A Caixa Econ\u00f4mica Federal (CEF) cumpriu determina\u00e7\u00e3o de Alexandre de Moraes e transferiu os valores depositados pela rede X para o BB A Secretaria Judici\u00e1ria do Supremo Tribunal Federal certificou&hellip;<\/p>","protected":false},"author":1,"featured_media":36787,"comment_status":"closed","ping_status":"open","sticky":false,"template":"","format":"standard","meta":{"content-type":"","footnotes":""},"categories":[16],"tags":[25345,25937,915,425,699,4895,4188],"class_list":["post-45880","post","type-post","status-publish","format-standard","has-post-thumbnail","hentry","category-noticias","tag-banco-do-brasil","tag-cef","tag-elon","tag-moraes","tag-pgr","tag-twitter","tag-x"],"_links":{"self":[{"href":"https:\/\/tvbrazilusa.com\/pt\/wp-json\/wp\/v2\/posts\/45880","targetHints":{"allow":["GET"]}}],"collection":[{"href":"https:\/\/tvbrazilusa.com\/pt\/wp-json\/wp\/v2\/posts"}],"about":[{"href":"https:\/\/tvbrazilusa.com\/pt\/wp-json\/wp\/v2\/types\/post"}],"author":[{"embeddable":true,"href":"https:\/\/tvbrazilusa.com\/pt\/wp-json\/wp\/v2\/users\/1"}],"replies":[{"embeddable":true,"href":"https:\/\/tvbrazilusa.com\/pt\/wp-json\/wp\/v2\/comments?post=45880"}],"version-history":[{"count":1,"href":"https:\/\/tvbrazilusa.com\/pt\/wp-json\/wp\/v2\/posts\/45880\/revisions"}],"predecessor-version":[{"id":45881,"href":"https:\/\/tvbrazilusa.com\/pt\/wp-json\/wp\/v2\/posts\/45880\/revisions\/45881"}],"wp:featuredmedia":[{"embeddable":true,"href":"https:\/\/tvbrazilusa.com\/pt\/wp-json\/wp\/v2\/media\/36787"}],"wp:attachment":[{"href":"https:\/\/tvbrazilusa.com\/pt\/wp-json\/wp\/v2\/media?parent=45880"}],"wp:term":[{"taxonomy":"category","embeddable":true,"href":"https:\/\/tvbrazilusa.com\/pt\/wp-json\/wp\/v2\/categories?post=45880"},{"taxonomy":"post_tag","embeddable":true,"href":"https:\/\/tvbrazilusa.com\/pt\/wp-json\/wp\/v2\/tags?post=45880"}],"curies":[{"name":"wp","href":"https:\/\/api.w.org\/{rel}","templated":true}]}}