{"id":45902,"date":"2024-10-07T23:56:51","date_gmt":"2024-10-07T23:56:51","guid":{"rendered":"https:\/\/tvbrazilusa.com\/2024\/10\/07\/janaina-paschoal-foi-eleita-vereadora-veja-votacao\/"},"modified":"2024-10-07T23:56:52","modified_gmt":"2024-10-07T23:56:52","slug":"janaina-paschoal-foi-eleita-vereadora-veja-votacao","status":"publish","type":"post","link":"https:\/\/tvbrazilusa.com\/pt\/2024\/10\/07\/janaina-paschoal-foi-eleita-vereadora-veja-votacao\/","title":{"rendered":"Jana\u00edna Paschoal foi eleita vereadora; Veja vota\u00e7\u00e3o"},"content":{"rendered":"<p> <script async src=\"https:\/\/pagead2.googlesyndication.com\/pagead\/js\/adsbygoogle.js?client=ca-pub-8864793242727901\"\r\n     crossorigin=\"anonymous\"><\/script><br \/>\n<\/p>\n<div id=\"taboola-read-more\" style=\"display:block; width:100%\">\n<p>A ex-deputada Janaina Paschoal (PP-SP) recebeu 48.893 votos e foi eleita vereadora em S\u00e3o Paulo. A professora da USP afirma \u00e0 coluna Painel da Folha que est\u00e1 &#8220;muito feliz em poder trabalhar para a popula\u00e7\u00e3o de novo&#8221;, dois anos ap\u00f3s deixar a Assembleia Legislativa de S\u00e3o Paulo, e diz que &#8220;n\u00e3o seria justo deixar tanto conhecimento inerte&#8221;. Janaina diz que assim que for empossada pretende municipalizar todos os seus projetos em andamento na Alesp.\n<\/p>\n<p>Alguns dos principais projetos da ex-parlamentar tratam de direitos reprodutivos (como o que propunha a libera\u00e7\u00e3o da ces\u00e1rea sem indica\u00e7\u00e3o cl\u00ednica para gestantes do SUS) e de crian\u00e7as em situa\u00e7\u00e3o de rua (como o que propunha o retorno \u00e0 fam\u00edlia ou acolhimento de crian\u00e7as em situa\u00e7\u00e3o de rua que n\u00e3o estejam pelos pais ou respons\u00e1veis).<\/p>\n<p>Ela afirma que na primeira oportunidade vai chamar uma audi\u00eancia p\u00fablica para discutir os tombamentos no bairro da Penha, na zona leste de S\u00e3o Paulo. &#8220;Os moradores s\u00e3o muito ressentidos com a impossibilidade de fazer o bairro avan\u00e7ar&#8221;, afirma.\n<\/p>\n<p>Ela diz ainda que, por ter perfil mais nacionalizado, seguir\u00e1 acompanhando e se manifestando a respeito de quest\u00f5es pol\u00edticas que extrapolam o munic\u00edpio. Tamb\u00e9m afirma que o cargo de vereadora, diferentemente do de deputada, n\u00e3o impede o exerc\u00edcio das aulas na Faculdade de Direito da USP.\n<\/p>\n<p>Questionada a respeito do que far\u00e1 de maneira diferente como vereadora em rela\u00e7\u00e3o ao seu mandato estadual, ela afirma que s\u00f3 passar\u00e1 a frequentar a C\u00e2mara depois da posse. Ela passou a ir \u00e0 Alesp assim que eleita, em 2018, o que, segundo ela, criou muitos constrangimentos e atrapalhou sua chegada \u00e0 Casa.\n<\/p>\n<p>&#8220;Os vereadores n\u00e3o reeleitos precisam ter seu tempo. N\u00e3o quero invadir o espa\u00e7o de ningu\u00e9m&#8221;, argumenta.\n<\/p>\n<p>Outra mudan\u00e7a, diz Janaina, \u00e9 que n\u00e3o pretende concorrer a cargos administrativos. &#8220;Na Alesp, concorri \u00e0 Presid\u00eancia e gerei muita resist\u00eancia por isso. Seguirei com meu trabalho t\u00e9cnico e com meu gabinete enxuto&#8221;, afirma.\n<\/p>\n<p>Fonte: Folha de S. Paulo <\/p>\n<\/div>\n<p><br \/>\n<br \/><a href=\"https:\/\/diariodobrasilnoticias.com.br\/noticia\/janaina-paschoal-foi-eleita-vereadora-veja-votacao-67044487b63f2\">Source link <\/a><\/p>","protected":false},"excerpt":{"rendered":"<p>A ex-deputada Janaina Paschoal (PP-SP) recebeu 48.893 votos e foi eleita vereadora em S\u00e3o Paulo. A professora da USP afirma \u00e0 coluna Painel da Folha que est\u00e1 &#8220;muito feliz em&hellip;<\/p>","protected":false},"author":1,"featured_media":45903,"comment_status":"closed","ping_status":"open","sticky":false,"template":"","format":"standard","meta":{"content-type":"","footnotes":""},"categories":[16],"tags":[123,2448,5313,1267],"class_list":["post-45902","post","type-post","status-publish","format-standard","has-post-thumbnail","hentry","category-noticias","tag-brasil","tag-diario","tag-noticia","tag-noticias"],"_links":{"self":[{"href":"https:\/\/tvbrazilusa.com\/pt\/wp-json\/wp\/v2\/posts\/45902","targetHints":{"allow":["GET"]}}],"collection":[{"href":"https:\/\/tvbrazilusa.com\/pt\/wp-json\/wp\/v2\/posts"}],"about":[{"href":"https:\/\/tvbrazilusa.com\/pt\/wp-json\/wp\/v2\/types\/post"}],"author":[{"embeddable":true,"href":"https:\/\/tvbrazilusa.com\/pt\/wp-json\/wp\/v2\/users\/1"}],"replies":[{"embeddable":true,"href":"https:\/\/tvbrazilusa.com\/pt\/wp-json\/wp\/v2\/comments?post=45902"}],"version-history":[{"count":1,"href":"https:\/\/tvbrazilusa.com\/pt\/wp-json\/wp\/v2\/posts\/45902\/revisions"}],"predecessor-version":[{"id":45904,"href":"https:\/\/tvbrazilusa.com\/pt\/wp-json\/wp\/v2\/posts\/45902\/revisions\/45904"}],"wp:featuredmedia":[{"embeddable":true,"href":"https:\/\/tvbrazilusa.com\/pt\/wp-json\/wp\/v2\/media\/45903"}],"wp:attachment":[{"href":"https:\/\/tvbrazilusa.com\/pt\/wp-json\/wp\/v2\/media?parent=45902"}],"wp:term":[{"taxonomy":"category","embeddable":true,"href":"https:\/\/tvbrazilusa.com\/pt\/wp-json\/wp\/v2\/categories?post=45902"},{"taxonomy":"post_tag","embeddable":true,"href":"https:\/\/tvbrazilusa.com\/pt\/wp-json\/wp\/v2\/tags?post=45902"}],"curies":[{"name":"wp","href":"https:\/\/api.w.org\/{rel}","templated":true}]}}