{"id":45920,"date":"2024-10-08T00:17:12","date_gmt":"2024-10-08T00:17:12","guid":{"rendered":"https:\/\/tvbrazilusa.com\/2024\/10\/08\/moraes-aponta-elo-do-pcc-com-dono-de-clinica-do-laudo-usado-por-marcal-paulo-figueiredo\/"},"modified":"2024-10-08T00:35:00","modified_gmt":"2024-10-08T00:35:00","slug":"moraes-aponta-elo-do-pcc-com-dono-de-clinica-do-laudo-usado-por-marcal-paulo-figueiredo","status":"publish","type":"post","link":"https:\/\/tvbrazilusa.com\/pt\/2024\/10\/08\/moraes-aponta-elo-do-pcc-com-dono-de-clinica-do-laudo-usado-por-marcal-paulo-figueiredo\/","title":{"rendered":"Moraes aponta elo do PCC com dono de cl\u00ednica do laudo usado por Mar\u00e7al &#8211; Paulo Figueiredo"},"content":{"rendered":"<p> <script async src=\"https:\/\/pagead2.googlesyndication.com\/pagead\/js\/adsbygoogle.js?client=ca-pub-8864793242727901\"\r\n     crossorigin=\"anonymous\"><\/script><br \/>\n<\/p>\n<div id=\"wtr-content\" data-bg=\"#FFFFFF\" data-fg=\"#006d91\" data-width=\"25\" data-mute=\"1\" data-fgopacity=\"1.00\" data-mutedopacity=\"0.5\" data-placement=\"bottom\" data-placement-offset=\"0\" data-content-offset=\"262\" data-placement-touch=\"bottom\" data-placement-offset-touch=\"0\" data-transparent=\"\" data-shadow=\"0\" data-touch=\"1\" data-non-touch=\"1\" data-comments=\"0\" data-commentsbg=\"transparent\" data-location=\"page\" data-mutedfg=\"#006d91\" data-endfg=\"#006d91\" data-rtl=\"\">\n<h3 class=\"wp-block-heading\">Em decis\u00e3o sobre esquema de corrup\u00e7\u00e3o comandado por donos da cl\u00ednica Mais Consultas, Alexandre de Moraes cita elo de casal com o PCC<\/h3>\n<p>Ministro do Supremo Tribunal Federal (STF),\u00a0Alexandre de Moraes\u00a0citou liga\u00e7\u00e3o do\u00a0PCC\u00a0com a cl\u00ednica usada\u00a0por Pablo Mar\u00e7al para associar Guilherme Boulos ao uso de coca\u00edna. Donos da cl\u00ednica Mais Consultas, Luiz Teixeira da Silva e sua esposa, Liliane Bernardo Rios da Silva,\u00a0foram alvos de opera\u00e7\u00e3o da Pol\u00edcia Federal\u00a0em<strong> 2019<\/strong>, por fraude e desvio cerca de R$ 20 milh\u00f5es da \u00e1rea da Sa\u00fade.<\/p>\n<p>O ent\u00e3o candidato do PRTB \u00e0 Prefeitura de S\u00e3o Paulo, Pablo Mar\u00e7al <strong>divulgou um laudo da Mais Consultas <\/strong>para acusar Boulos\u00a0de consumir coca\u00edna. A decis\u00e3o de Moraes que cita o PCC ocorreu no julgamento de um recurso apresentado pelo casal, em <strong>2018<\/strong>, na tentativa de reverter o decreto de pris\u00e3o preventiva no \u00e2mbito da opera\u00e7\u00e3o P\u00e9gasus, que investigou o esquema de corrup\u00e7\u00e3o. Na ocasi\u00e3o Luiz Teixeira e Liliane Bernardo eram considerados foragidos da Justi\u00e7a.<\/p>\n<p>Pontuou Alexandre de Moraes: \u201cO decreto prisional encontra-se devidamente fundamentado em dados concretos extra\u00eddos dos autos, que evidenciam que a liberdade dos recorrentes acarretaria risco \u00e0 ordem p\u00fablica, notadamente se considerado os ind\u00edcios de que os recorrentes integrariam estruturada organiza\u00e7\u00e3o criminosa, voltada para a pr\u00e1tica de delitos relacionados ao desvio de verbas da sa\u00fade p\u00fablica municipal, utilizando-se de empresas de fachada e entidade religiosa, causando preju\u00edzos de ordem milion\u00e1ria e colocando em risco servi\u00e7o p\u00fablico essencial, havendo, ainda, ind\u00edcios de que a recorrente LILIANE BERNARDO teria liga\u00e7\u00e3o com o \u2018PCC\u2019, a revelar a probabilidade de repeti\u00e7\u00e3o de condutas tidas por delituosas, sendo imperiosa a imposi\u00e7\u00e3o da medida extrema\u201d.<\/p>\n<p>De acordo com a decis\u00e3o, a liga\u00e7\u00e3o entre Liliane e o PCC teria sido descoberta por meio de conversas interceptadas pela PF, com autoriza\u00e7\u00e3o judicial, em outra investiga\u00e7\u00e3o. A esposa de Luiz Teixeira estaria tramando a morte por encomenda de outra mulher. O v\u00ednculo tamb\u00e9m foi apontado em decis\u00e3o do Superior Tribunal de Justi\u00e7a (STJ) em decis\u00e3o que negou habeas corpus para Liliane Bernardo, citada por Moraes.<\/p>\n<p>\u201cA peti\u00e7\u00e3o de fl. 731 traz aos autos documento, cuja juntada defiro, do qual se infere que pessoa identificada como \u2018Kaio\u2019 revela a pessoa identificada como \u2018Toninho\u2019 que a r\u00e9 Liliane Bernardo Rios da Silva teria liga\u00e7\u00e3o com o PCC e estaria tramando o assassinato de pessoa identificada como \u2018Leda\u2019. Trata-se da liga\u00e7\u00e3o n\u00b0 20 de intercepta\u00e7\u00e3o realizada pela Pol\u00edcia Federal, em outro feito. Como se v\u00ea, os r\u00e9us Luiz Teixeira da Silva J\u00fanior e Liliane Bernardo Rios da Silva, se mantido soltos, representar\u00e3o perigo \u00e0 vida de testemunhas, inclusive de testemunha protegida, colocando em risco a ordem p\u00fablica e a instru\u00e7\u00e3o criminal\u201d, observa a decis\u00e3o do STJ.<\/p>\n<h3 class=\"wp-block-heading\">STJ tamb\u00e9m cita elo com PCC<\/h3>\n<p>A decis\u00e3o do STJ citou mais uma vez o suposto elo do casal com o PCC para justificar a necessidade da pris\u00e3o preventiva decretada no \u00e2mbito da opera\u00e7\u00e3o P\u00e9gasus. \u201cA gravidade em concreto dos delitos imputados aos pacientes e demais denunciados, consistente em organiza\u00e7\u00e3o criminosa para a pr\u00e1tica de outros delitos. Ressaltou ainda a exist\u00eancia de elementos indicativos de liga\u00e7\u00e3o da paciente a fac\u00e7\u00e3o criminosa de elevada periculosidade (PCC), al\u00e9m das condi\u00e7\u00f5es pessoais desfavor\u00e1veis dos denunciados, a demonstrar a necessidade da pris\u00e3o preventiva como forma de garantia da ordem p\u00fablica\u201d, afirma o documento.<\/p>\n<p>A publica\u00e7\u00e3o de Pablo Mar\u00e7al sobre o laudo que aponta o suposto \u201csurto psic\u00f3tico grave\u201d e uso de coca\u00edna por Bulos foi tirado do ar pelo Instagram. O candidato do PSol se manifestou sobre a postagem e classificou o laudo como \u201cfalso e criminoso\u201d. Boulos disse ainda que Mar\u00e7al \u201cresponder\u00e1 e arcar\u00e1 com as consequ\u00eancias em todas as inst\u00e2ncias da Justi\u00e7a, eleitoral, c\u00edvel e criminal\u201d.<\/p>\n<p>O esquema de corrup\u00e7\u00e3o, segundo as investiga\u00e7\u00f5es, envolveu as cidades de Barueri, Cajamar, Campo Limpo e S\u00e3o Roque, em S\u00e3o Paulo. O m\u00e9dico era diretor da Organiza\u00e7\u00e3o Social Federa\u00e7\u00e3o Nacional das Entidades Sociais e Comunit\u00e1rias (Fenaesc), que cuidava da administra\u00e7\u00e3o da Sa\u00fade P\u00fablica de Cajamar.<\/p>\n<p>Os investigadores descobriram que recursos desviados da sa\u00fade p\u00fablica dessas cidades foram investidos na compra da operadora de planos de sa\u00fade Medical Rio, em Niter\u00f3i (RJ).<\/p>\n<p><strong><a href=\"https:\/\/www.metropoles.com\/colunas\/paulo-cappelli\/moraes-aponta-elo-do-pcc-com-clinica-citada-por-marcal-contra-boulos\">Source link<\/a><\/strong><\/p>\n<\/div>\n<p><br \/>\n<br \/><a href=\"https:\/\/paulofigueiredoshow.com\/moraes-aponta-elo-do-pcc-com-dono-de-clinica-do-laudo-usado-por-marcal\/\">Source link <\/a><\/p>","protected":false},"excerpt":{"rendered":"<p>Em decis\u00e3o sobre esquema de corrup\u00e7\u00e3o comandado por donos da cl\u00ednica Mais Consultas, Alexandre de Moraes cita elo de casal com o PCC Ministro do Supremo Tribunal Federal (STF),\u00a0Alexandre de&hellip;<\/p>","protected":false},"author":1,"featured_media":45921,"comment_status":"closed","ping_status":"open","sticky":false,"template":"","format":"standard","meta":{"content-type":"","footnotes":""},"categories":[16],"tags":[20842,341,25946,25947,25948,315,425,5014,871],"class_list":["post-45920","post","type-post","status-publish","format-standard","has-post-thumbnail","hentry","category-noticias","tag-20842","tag-boulos","tag-liliane-bernardo-rios-da-silva","tag-luiz-teixeira-da-silva","tag-mais-consultas","tag-marcal","tag-moraes","tag-pcc","tag-stf"],"_links":{"self":[{"href":"https:\/\/tvbrazilusa.com\/pt\/wp-json\/wp\/v2\/posts\/45920","targetHints":{"allow":["GET"]}}],"collection":[{"href":"https:\/\/tvbrazilusa.com\/pt\/wp-json\/wp\/v2\/posts"}],"about":[{"href":"https:\/\/tvbrazilusa.com\/pt\/wp-json\/wp\/v2\/types\/post"}],"author":[{"embeddable":true,"href":"https:\/\/tvbrazilusa.com\/pt\/wp-json\/wp\/v2\/users\/1"}],"replies":[{"embeddable":true,"href":"https:\/\/tvbrazilusa.com\/pt\/wp-json\/wp\/v2\/comments?post=45920"}],"version-history":[{"count":1,"href":"https:\/\/tvbrazilusa.com\/pt\/wp-json\/wp\/v2\/posts\/45920\/revisions"}],"predecessor-version":[{"id":45922,"href":"https:\/\/tvbrazilusa.com\/pt\/wp-json\/wp\/v2\/posts\/45920\/revisions\/45922"}],"wp:featuredmedia":[{"embeddable":true,"href":"https:\/\/tvbrazilusa.com\/pt\/wp-json\/wp\/v2\/media\/45921"}],"wp:attachment":[{"href":"https:\/\/tvbrazilusa.com\/pt\/wp-json\/wp\/v2\/media?parent=45920"}],"wp:term":[{"taxonomy":"category","embeddable":true,"href":"https:\/\/tvbrazilusa.com\/pt\/wp-json\/wp\/v2\/categories?post=45920"},{"taxonomy":"post_tag","embeddable":true,"href":"https:\/\/tvbrazilusa.com\/pt\/wp-json\/wp\/v2\/tags?post=45920"}],"curies":[{"name":"wp","href":"https:\/\/api.w.org\/{rel}","templated":true}]}}