{"id":45947,"date":"2024-10-08T01:40:52","date_gmt":"2024-10-08T01:40:52","guid":{"rendered":"https:\/\/tvbrazilusa.com\/2024\/10\/08\/urgente-redes-sociais-de-marcal-voltam-a-ficar-ativas\/"},"modified":"2024-10-08T01:40:53","modified_gmt":"2024-10-08T01:40:53","slug":"urgente-redes-sociais-de-marcal-voltam-a-ficar-ativas","status":"publish","type":"post","link":"https:\/\/tvbrazilusa.com\/pt\/2024\/10\/08\/urgente-redes-sociais-de-marcal-voltam-a-ficar-ativas\/","title":{"rendered":"URGENTE: Redes sociais de Mar\u00e7al voltam a ficar ativas"},"content":{"rendered":"<p> <script async src=\"https:\/\/pagead2.googlesyndication.com\/pagead\/js\/adsbygoogle.js?client=ca-pub-8864793242727901\"\r\n     crossorigin=\"anonymous\"><\/script><br \/>\n<\/p>\n<div>\n<figure class=\"post-image\">\n<\/figure>\n<p><span style=\"font-size: 12px\">Danilo M. Yoshioka\/ Especial Metr\u00f3poles<\/span><\/p>\n<div id=\"taboola-read-more\" style=\"display:block; width:100%\">\n<p>Passadas 48 horas da suspens\u00e3o de suas redes sociais determinadas pela Justi\u00e7a Eleitoral, Pablo Mar\u00e7al (PRTB) voltou ao Instagram na tarde desta segunda-feira (7\/10) prometendo uma live para falar sobre 2026.\n<\/p>\n<p>O ex-coach postou uma imagem de fundo escuro escrita apenas \u201c2026\u201d. Na legenda, perguntou aos seguidores qual o sentimento olhando a postagem e prometeu uma transmiss\u00e3o ao vivo para \u201cfalarmos do futuro\u201d.<\/p>\n<p>\u201cQual o seu sentimento agora olhando pra essa imagem? Vou fazer uma Live mais tarde para falarmos do futuro\u201d, escreveu o candidato derrotado.\n<\/p>\n<p>Mar\u00e7al nunca escondeu que, mesmo disputando a Prefeitura de S\u00e3o Paulo, desejava realmente concorrer \u00e0 Presid\u00eancia da Rep\u00fablica. Em 2022, ele teve sua candidatura ao Planalto impedida pelo TSE.\n<\/p>\n<p>O candidato do PRTB ficou sem acesso \u00e0s redes sociais nas \u00faltimas 48 horas. A decis\u00e3o veio ap\u00f3s o ex-coach publicar um laudo falso afirmando que Guilherme Boulos (PSol) teria usado coca\u00edna.\n<\/p>\n<p>Fonte: Metr\u00f3poles <\/p>\n<\/div>\n<div class=\"row mt-3\">\n<div class=\"col-sm-6\">\n<p><a href=\"https:\/\/chat.whatsapp.com\/J6hwSKYns5B0XFowx2wZ0P\" target=\"_blank\" rel=\"noopener\"><br \/>\n<img decoding=\"async\" src=\"https:\/\/diariodobrasilnoticias.com.br\/assets-site\/images\/bot_whatsapp.png\"\/><\/a>\n<\/div>\n<div class=\"col-sm-6\">\n<a href=\"https:\/\/t.me\/+_4gTmi5LKo03OTM5\" target=\"_blank\" rel=\"noopener\"><br \/>\n<img decoding=\"async\" src=\"https:\/\/diariodobrasilnoticias.com.br\/assets-site\/images\/bot_telegram.png\"\/><\/a>\n<\/div>\n<\/div>\n<\/div>\n<p><br \/>\n<br \/><a href=\"https:\/\/diariodobrasilnoticias.com.br\/noticia\/urgente-redes-sociais-de-marcal-voltam-a-ficar-ativas-67044adfbf8bd\">Source link <\/a><\/p>","protected":false},"excerpt":{"rendered":"<p>Danilo M. Yoshioka\/ Especial Metr\u00f3poles Passadas 48 horas da suspens\u00e3o de suas redes sociais determinadas pela Justi\u00e7a Eleitoral, Pablo Mar\u00e7al (PRTB) voltou ao Instagram na tarde desta segunda-feira (7\/10) prometendo&hellip;<\/p>","protected":false},"author":1,"featured_media":45948,"comment_status":"closed","ping_status":"open","sticky":false,"template":"","format":"standard","meta":{"content-type":"","footnotes":""},"categories":[16],"tags":[123,2448,5313,1267],"class_list":["post-45947","post","type-post","status-publish","format-standard","has-post-thumbnail","hentry","category-noticias","tag-brasil","tag-diario","tag-noticia","tag-noticias"],"_links":{"self":[{"href":"https:\/\/tvbrazilusa.com\/pt\/wp-json\/wp\/v2\/posts\/45947","targetHints":{"allow":["GET"]}}],"collection":[{"href":"https:\/\/tvbrazilusa.com\/pt\/wp-json\/wp\/v2\/posts"}],"about":[{"href":"https:\/\/tvbrazilusa.com\/pt\/wp-json\/wp\/v2\/types\/post"}],"author":[{"embeddable":true,"href":"https:\/\/tvbrazilusa.com\/pt\/wp-json\/wp\/v2\/users\/1"}],"replies":[{"embeddable":true,"href":"https:\/\/tvbrazilusa.com\/pt\/wp-json\/wp\/v2\/comments?post=45947"}],"version-history":[{"count":1,"href":"https:\/\/tvbrazilusa.com\/pt\/wp-json\/wp\/v2\/posts\/45947\/revisions"}],"predecessor-version":[{"id":45949,"href":"https:\/\/tvbrazilusa.com\/pt\/wp-json\/wp\/v2\/posts\/45947\/revisions\/45949"}],"wp:featuredmedia":[{"embeddable":true,"href":"https:\/\/tvbrazilusa.com\/pt\/wp-json\/wp\/v2\/media\/45948"}],"wp:attachment":[{"href":"https:\/\/tvbrazilusa.com\/pt\/wp-json\/wp\/v2\/media?parent=45947"}],"wp:term":[{"taxonomy":"category","embeddable":true,"href":"https:\/\/tvbrazilusa.com\/pt\/wp-json\/wp\/v2\/categories?post=45947"},{"taxonomy":"post_tag","embeddable":true,"href":"https:\/\/tvbrazilusa.com\/pt\/wp-json\/wp\/v2\/tags?post=45947"}],"curies":[{"name":"wp","href":"https:\/\/api.w.org\/{rel}","templated":true}]}}