{"id":45955,"date":"2024-10-08T01:52:26","date_gmt":"2024-10-08T01:52:26","guid":{"rendered":"https:\/\/tvbrazilusa.com\/2024\/10\/08\/hillary-clinton-defendeu-a-censura-nas-redes-sociais-como-uma-maneira-de-as-elites-manterem-o-controle-total-das-narrativas-publicas-paulo-figueiredo\/"},"modified":"2024-10-08T01:58:10","modified_gmt":"2024-10-08T01:58:10","slug":"hillary-clinton-defendeu-a-censura-nas-redes-sociais-como-uma-maneira-de-as-elites-manterem-o-controle-total-das-narrativas-publicas-paulo-figueiredo","status":"publish","type":"post","link":"https:\/\/tvbrazilusa.com\/pt\/2024\/10\/08\/hillary-clinton-defendeu-a-censura-nas-redes-sociais-como-uma-maneira-de-as-elites-manterem-o-controle-total-das-narrativas-publicas-paulo-figueiredo\/","title":{"rendered":"Hillary Clinton defendeu a censura nas redes sociais como uma maneira de as elites manterem o &#8220;controle total&#8221; das narrativas p\u00fablicas. &#8211; Paulo Figueiredo"},"content":{"rendered":"<p> <script async src=\"https:\/\/pagead2.googlesyndication.com\/pagead\/js\/adsbygoogle.js?client=ca-pub-8864793242727901\"\r\n     crossorigin=\"anonymous\"><\/script><br \/>\n<\/p>\n<div id=\"wtr-content\" data-bg=\"#FFFFFF\" data-fg=\"#006d91\" data-width=\"25\" data-mute=\"1\" data-fgopacity=\"1.00\" data-mutedopacity=\"0.5\" data-placement=\"bottom\" data-placement-offset=\"0\" data-content-offset=\"262\" data-placement-touch=\"bottom\" data-placement-offset-touch=\"0\" data-transparent=\"\" data-shadow=\"0\" data-touch=\"1\" data-non-touch=\"1\" data-comments=\"0\" data-commentsbg=\"transparent\" data-location=\"page\" data-mutedfg=\"#006d91\" data-endfg=\"#006d91\" data-rtl=\"\">\n<p class=\"has-small-font-size\">Foto \u2013 Anna Moneymaker \/ Getty Images file<\/p>\n<h3 class=\"wp-block-heading\">Recentemente, Clinton afirmou em entrevista \u00e0 CNN que as plataformas de redes sociais precisam moderar o conte\u00fado ou \u201cperderemos o controle total\u201d.<\/h3>\n<p>Para ela, a Se\u00e7\u00e3o 230 da Lei de Comunica\u00e7\u00f5es, que protege as plataformas da responsabilidade sobre o conte\u00fado de terceiros, deveria ser revogada, alegando que, sem \u201cmodera\u00e7\u00e3o\u201d, o impacto nas redes vai al\u00e9m dos efeitos sociais, afetando diretamente a \u201crealidade\u201d. Clinton ainda sugeriu que aqueles que divulgarem \u201cinforma\u00e7\u00f5es erradas\u201d sejam processados criminalmente como medida de dissuas\u00e3o.<\/p>\n<p>Nos \u00faltimos tempos, tanto Clinton quanto outras figuras p\u00fablicas, como o ex-secret\u00e1rio de Estado Kerry, expressaram opini\u00f5es semelhantes, vendo a <strong>Primeira Emenda<\/strong>, que <strong>protege a liberdade de express\u00e3o<\/strong>, como um <strong>\u201cobst\u00e1culo\u201d<\/strong> ao \u201cprogresso\u201d. Para Clinton, a falha em \u201cmoderar\u201d o conte\u00fado pode levar \u00e0 perda de controle das elites que j\u00e1 moldam a narrativa p\u00fablica h\u00e1 d\u00e9cadas. Ela cita exemplos de \u201cdesinforma\u00e7\u00e3o\u201d sobre temas como o coronav\u00edrus e o laptop de Hunter Biden, argumentando que sem \u201ccontrole adequado\u201d, as consequ\u00eancias podem ser graves <strong>tanto social quanto politicamente.<\/strong><\/p>\n<p><strong><a href=\"https:\/\/gaceta.es\/estados-unidos\/hillary-clinton-pide-censura-en-las-redes-sociales-para-que-las-elites-no-pierdan-el-control-total-20241008-0315\/\">Source link<\/a><\/strong><\/p>\n<\/div>\n<p><br \/>\n<br \/><a href=\"https:\/\/paulofigueiredoshow.com\/hillary-clinton-defendeu-a-censura-nas-redes-sociais-como-uma-maneira-de-as-elites-manterem-o-controle-total-das-narrativas-publicas\/\">Source link <\/a><\/p>","protected":false},"excerpt":{"rendered":"<p>Foto \u2013 Anna Moneymaker \/ Getty Images file Recentemente, Clinton afirmou em entrevista \u00e0 CNN que as plataformas de redes sociais precisam moderar o conte\u00fado ou \u201cperderemos o controle total\u201d.&hellip;<\/p>","protected":false},"author":1,"featured_media":38359,"comment_status":"closed","ping_status":"open","sticky":false,"template":"","format":"standard","meta":{"content-type":"","footnotes":""},"categories":[16],"tags":[495,592,4588,2376,750,4225,8618,8619,6311],"class_list":["post-45955","post","type-post","status-publish","format-standard","has-post-thumbnail","hentry","category-noticias","tag-censura","tag-eua","tag-expressao","tag-hillary-clinton","tag-liberdade","tag-narrativas","tag-plataformas","tag-primeira-emenda","tag-social"],"_links":{"self":[{"href":"https:\/\/tvbrazilusa.com\/pt\/wp-json\/wp\/v2\/posts\/45955","targetHints":{"allow":["GET"]}}],"collection":[{"href":"https:\/\/tvbrazilusa.com\/pt\/wp-json\/wp\/v2\/posts"}],"about":[{"href":"https:\/\/tvbrazilusa.com\/pt\/wp-json\/wp\/v2\/types\/post"}],"author":[{"embeddable":true,"href":"https:\/\/tvbrazilusa.com\/pt\/wp-json\/wp\/v2\/users\/1"}],"replies":[{"embeddable":true,"href":"https:\/\/tvbrazilusa.com\/pt\/wp-json\/wp\/v2\/comments?post=45955"}],"version-history":[{"count":1,"href":"https:\/\/tvbrazilusa.com\/pt\/wp-json\/wp\/v2\/posts\/45955\/revisions"}],"predecessor-version":[{"id":45956,"href":"https:\/\/tvbrazilusa.com\/pt\/wp-json\/wp\/v2\/posts\/45955\/revisions\/45956"}],"wp:featuredmedia":[{"embeddable":true,"href":"https:\/\/tvbrazilusa.com\/pt\/wp-json\/wp\/v2\/media\/38359"}],"wp:attachment":[{"href":"https:\/\/tvbrazilusa.com\/pt\/wp-json\/wp\/v2\/media?parent=45955"}],"wp:term":[{"taxonomy":"category","embeddable":true,"href":"https:\/\/tvbrazilusa.com\/pt\/wp-json\/wp\/v2\/categories?post=45955"},{"taxonomy":"post_tag","embeddable":true,"href":"https:\/\/tvbrazilusa.com\/pt\/wp-json\/wp\/v2\/tags?post=45955"}],"curies":[{"name":"wp","href":"https:\/\/api.w.org\/{rel}","templated":true}]}}