{"id":45988,"date":"2024-10-08T04:15:54","date_gmt":"2024-10-08T04:15:54","guid":{"rendered":"https:\/\/tvbrazilusa.com\/2024\/10\/08\/bomba-cantor-leonardo-e-incluido-pelo-governo-na-lista-suja-do-trabalho-escravo\/"},"modified":"2024-10-08T04:15:55","modified_gmt":"2024-10-08T04:15:55","slug":"bomba-cantor-leonardo-e-incluido-pelo-governo-na-lista-suja-do-trabalho-escravo","status":"publish","type":"post","link":"https:\/\/tvbrazilusa.com\/pt\/2024\/10\/08\/bomba-cantor-leonardo-e-incluido-pelo-governo-na-lista-suja-do-trabalho-escravo\/","title":{"rendered":"BOMBA: Cantor Leonardo \u00e9 inclu\u00eddo pelo governo na &#8216;lista suja&#8217; do trabalho escravo"},"content":{"rendered":"<p> <script async src=\"https:\/\/pagead2.googlesyndication.com\/pagead\/js\/adsbygoogle.js?client=ca-pub-8864793242727901\"\r\n     crossorigin=\"anonymous\"><\/script><br \/>\n<\/p>\n<div id=\"taboola-read-more\" style=\"display:block; width:100%\">\n<p>O cantor sertanejo Leonardo \u00e9 um dos 176 nomes inclu\u00eddos na nova atualiza\u00e7\u00e3o da chamada &#8216;lista suja&#8217; do trabalho escravo. Divulgado nesta segunda-feira (7), o cadastro mantido pelo Minist\u00e9rio do Trabalho e Emprego (MTE) torna p\u00fablicos os nomes de pessoas f\u00edsicas e jur\u00eddicas responsabilizadas pelo crime pelo governo federal, ap\u00f3s opera\u00e7\u00f5es de resgate de trabalhadores.\n<\/p>\n<p>A entrada de Leonardo na lista se deve a uma fiscaliza\u00e7\u00e3o realizada em novembro de 2023 nas fazendas Talism\u00e3 e Lakanka, no munic\u00edpio de Jussara, interior de Goi\u00e1s. Na ocasi\u00e3o, foram encontradas seis pessoas, incluindo um adolescente de 17 anos, em condi\u00e7\u00f5es degradantes, um dos elementos que configuram a escravid\u00e3o contempor\u00e2nea no Brasil.<\/p>\n<p>Eles dormiam em uma casa abandonada, onde n\u00e3o havia \u00e1gua pot\u00e1vel, banheiro e camas \u2014 o espa\u00e7o para deitar era improvisado com t\u00e1buas de madeira e gal\u00f5es de agrot\u00f3xicos. O local tamb\u00e9m tinha sido tomado por insetos e morcegos, e exalava um &#8220;odor forte e f\u00e9tido&#8221;, segundo o relat\u00f3rio de fiscaliza\u00e7\u00e3o acessado pela Rep\u00f3rter Brasil.\n<\/p>\n<p>No final de julho, o cantor &#8211; batizado como Emival Eterno da Costa &#8211; comemorou seu anivers\u00e1rio, em festa luxuosa, na mesma propriedade. Avaliada em R$ 60 milh\u00f5es, a fazenda conta com uma mans\u00e3o, al\u00e9m de piscina, quadras esportivas e quartos estilo bangal\u00f4.\n<\/p>\n<p>Paulo Vaz, advogado de Leonardo, afirmou que o caso aconteceu em uma \u00e1rea arrendada na Fazenda Lakanka, cont\u00edgua \u00e0 Talism\u00e3, e que a responsabilidade pela contrata\u00e7\u00e3o dos empregados era do terceirizado [arrendat\u00e1rio]. &#8220;Tratava-se de uma \u00e1rea arrendada, que todas essas pessoas tiveram as indeniza\u00e7\u00f5es pagas e que os processos se encontram arquivados&#8221;, disse \u00e0 Rep\u00f3rter Brasil.\n<\/p>\n<p>Criada em novembro de 2003, a &#8220;lista suja&#8221; \u00e9 atualizada semestralmente pelo governo federal. Os nomes dos empregadores s\u00e3o inclu\u00eddos ap\u00f3s os autuados exercerem o direito de defesa em duas inst\u00e2ncias na esfera administrativa e l\u00e1 permanecem por dois anos. O cadastro \u00e9 considerado pelas Na\u00e7\u00f5es Unidas um dos mais relevantes instrumentos de combate ao trabalho escravo no mundo por garantir transpar\u00eancia.\n<\/p>\n<p>Com a nova atualiza\u00e7\u00e3o, a lista chega a um total de 727 patr\u00f5es responsabilizados.\n<\/p>\n<p><em>Com informa\u00e7\u00f5es do UOL<\/em> <\/p>\n<\/div>\n<p><br \/>\n<br \/><a href=\"https:\/\/diariodobrasilnoticias.com.br\/noticia\/bomba-cantor-leonardo-e-incluido-pelo-governo-na-lista-suja-do-trabalho-escravo-6704481b7e5a4\">Source link <\/a><\/p>","protected":false},"excerpt":{"rendered":"<p>O cantor sertanejo Leonardo \u00e9 um dos 176 nomes inclu\u00eddos na nova atualiza\u00e7\u00e3o da chamada &#8216;lista suja&#8217; do trabalho escravo. Divulgado nesta segunda-feira (7), o cadastro mantido pelo Minist\u00e9rio do&hellip;<\/p>","protected":false},"author":1,"featured_media":45989,"comment_status":"closed","ping_status":"open","sticky":false,"template":"","format":"standard","meta":{"content-type":"","footnotes":""},"categories":[16],"tags":[123,2448,5313,1267],"class_list":["post-45988","post","type-post","status-publish","format-standard","has-post-thumbnail","hentry","category-noticias","tag-brasil","tag-diario","tag-noticia","tag-noticias"],"_links":{"self":[{"href":"https:\/\/tvbrazilusa.com\/pt\/wp-json\/wp\/v2\/posts\/45988","targetHints":{"allow":["GET"]}}],"collection":[{"href":"https:\/\/tvbrazilusa.com\/pt\/wp-json\/wp\/v2\/posts"}],"about":[{"href":"https:\/\/tvbrazilusa.com\/pt\/wp-json\/wp\/v2\/types\/post"}],"author":[{"embeddable":true,"href":"https:\/\/tvbrazilusa.com\/pt\/wp-json\/wp\/v2\/users\/1"}],"replies":[{"embeddable":true,"href":"https:\/\/tvbrazilusa.com\/pt\/wp-json\/wp\/v2\/comments?post=45988"}],"version-history":[{"count":1,"href":"https:\/\/tvbrazilusa.com\/pt\/wp-json\/wp\/v2\/posts\/45988\/revisions"}],"predecessor-version":[{"id":45990,"href":"https:\/\/tvbrazilusa.com\/pt\/wp-json\/wp\/v2\/posts\/45988\/revisions\/45990"}],"wp:featuredmedia":[{"embeddable":true,"href":"https:\/\/tvbrazilusa.com\/pt\/wp-json\/wp\/v2\/media\/45989"}],"wp:attachment":[{"href":"https:\/\/tvbrazilusa.com\/pt\/wp-json\/wp\/v2\/media?parent=45988"}],"wp:term":[{"taxonomy":"category","embeddable":true,"href":"https:\/\/tvbrazilusa.com\/pt\/wp-json\/wp\/v2\/categories?post=45988"},{"taxonomy":"post_tag","embeddable":true,"href":"https:\/\/tvbrazilusa.com\/pt\/wp-json\/wp\/v2\/tags?post=45988"}],"curies":[{"name":"wp","href":"https:\/\/api.w.org\/{rel}","templated":true}]}}