{"id":46042,"date":"2024-10-08T11:34:53","date_gmt":"2024-10-08T11:34:53","guid":{"rendered":"https:\/\/tvbrazilusa.com\/2024\/10\/08\/influenciador-e-suspeito-de-forjar-furto-de-carro-para-acionar-o-seguro\/"},"modified":"2024-10-08T11:34:54","modified_gmt":"2024-10-08T11:34:54","slug":"influenciador-e-suspeito-de-forjar-furto-de-carro-para-acionar-o-seguro","status":"publish","type":"post","link":"https:\/\/tvbrazilusa.com\/pt\/2024\/10\/08\/influenciador-e-suspeito-de-forjar-furto-de-carro-para-acionar-o-seguro\/","title":{"rendered":"Influenciador \u00e9 suspeito de forjar furto de carro para acionar o seguro"},"content":{"rendered":"<p> <script async src=\"https:\/\/pagead2.googlesyndication.com\/pagead\/js\/adsbygoogle.js?client=ca-pub-8864793242727901\"\r\n     crossorigin=\"anonymous\"><\/script><br \/>\n<\/p>\n<div id=\"taboola-read-more\" style=\"display:block; width:100%\">\n<p>Um influenciador e empres\u00e1rio de 45 anos \u00e9 suspeito de tentar aplicar o golpe do seguro na \u00faltima quinta-feira (3). Segundo a pol\u00edcia, ele simulou o furto de um carro importado, que custa cerca de R$ 300 mil, para poder acionar o seguro. Em sua defesa, o empres\u00e1rio alegou que a pr\u00f3pria filha, de 25 anos, participou e armou o esquema do golpe.\n<\/p>\n<p>Fonte: R7<\/p>\n<\/p><\/div>\n<p><br \/>\n<br \/><a href=\"https:\/\/diariodobrasilnoticias.com.br\/noticia\/influenciador-e-suspeito-de-forjar-furto-de-carro-para-acionar-o-seguro-670501322c4d2\">Source link <\/a><\/p>","protected":false},"excerpt":{"rendered":"<p>Um influenciador e empres\u00e1rio de 45 anos \u00e9 suspeito de tentar aplicar o golpe do seguro na \u00faltima quinta-feira (3). Segundo a pol\u00edcia, ele simulou o furto de um carro&hellip;<\/p>","protected":false},"author":1,"featured_media":46043,"comment_status":"closed","ping_status":"open","sticky":false,"template":"","format":"standard","meta":{"content-type":"","footnotes":""},"categories":[16],"tags":[123,2448,5313,1267],"class_list":["post-46042","post","type-post","status-publish","format-standard","has-post-thumbnail","hentry","category-noticias","tag-brasil","tag-diario","tag-noticia","tag-noticias"],"_links":{"self":[{"href":"https:\/\/tvbrazilusa.com\/pt\/wp-json\/wp\/v2\/posts\/46042","targetHints":{"allow":["GET"]}}],"collection":[{"href":"https:\/\/tvbrazilusa.com\/pt\/wp-json\/wp\/v2\/posts"}],"about":[{"href":"https:\/\/tvbrazilusa.com\/pt\/wp-json\/wp\/v2\/types\/post"}],"author":[{"embeddable":true,"href":"https:\/\/tvbrazilusa.com\/pt\/wp-json\/wp\/v2\/users\/1"}],"replies":[{"embeddable":true,"href":"https:\/\/tvbrazilusa.com\/pt\/wp-json\/wp\/v2\/comments?post=46042"}],"version-history":[{"count":1,"href":"https:\/\/tvbrazilusa.com\/pt\/wp-json\/wp\/v2\/posts\/46042\/revisions"}],"predecessor-version":[{"id":46044,"href":"https:\/\/tvbrazilusa.com\/pt\/wp-json\/wp\/v2\/posts\/46042\/revisions\/46044"}],"wp:featuredmedia":[{"embeddable":true,"href":"https:\/\/tvbrazilusa.com\/pt\/wp-json\/wp\/v2\/media\/46043"}],"wp:attachment":[{"href":"https:\/\/tvbrazilusa.com\/pt\/wp-json\/wp\/v2\/media?parent=46042"}],"wp:term":[{"taxonomy":"category","embeddable":true,"href":"https:\/\/tvbrazilusa.com\/pt\/wp-json\/wp\/v2\/categories?post=46042"},{"taxonomy":"post_tag","embeddable":true,"href":"https:\/\/tvbrazilusa.com\/pt\/wp-json\/wp\/v2\/tags?post=46042"}],"curies":[{"name":"wp","href":"https:\/\/api.w.org\/{rel}","templated":true}]}}