{"id":46051,"date":"2024-10-08T12:24:11","date_gmt":"2024-10-08T12:24:11","guid":{"rendered":"https:\/\/tvbrazilusa.com\/2024\/10\/08\/indicado-de-lula-ao-bc-galipolo-passa-por-sabatina-no-senado-nesta-terca-8\/"},"modified":"2024-10-08T12:24:12","modified_gmt":"2024-10-08T12:24:12","slug":"indicado-de-lula-ao-bc-galipolo-passa-por-sabatina-no-senado-nesta-terca-8","status":"publish","type":"post","link":"https:\/\/tvbrazilusa.com\/pt\/2024\/10\/08\/indicado-de-lula-ao-bc-galipolo-passa-por-sabatina-no-senado-nesta-terca-8\/","title":{"rendered":"Indicado de Lula ao BC, Gal\u00edpolo passa por sabatina no Senado nesta ter\u00e7a (8)"},"content":{"rendered":"<p> <script async src=\"https:\/\/pagead2.googlesyndication.com\/pagead\/js\/adsbygoogle.js?client=ca-pub-8864793242727901\"\r\n     crossorigin=\"anonymous\"><\/script><br \/>\n<\/p>\n<div>\n<figure class=\"post-image\">\n<\/figure>\n<p><span style=\"font-size: 12px\">Cr\u00e9ditos: Roque de S\u00e1\/Ag\u00eancia Senado<\/span><\/p>\n<div id=\"taboola-read-more\" style=\"display:block; width:100%\">\n<p>A Comiss\u00e3o de Assuntos Econ\u00f4micos (CAE) do Senado realiza nesta ter\u00e7a-feira (8) a sabatina de Gabriel Gal\u00edpolo, indicado do presidente Luiz In\u00e1cio Lula da Silva (PT) para a presid\u00eancia do Banco Central (BC). A sess\u00e3o est\u00e1 prevista para \u00e0s 10 horas.\n<\/p>\n<p>Se aprovada na CAE, a indica\u00e7\u00e3o segue para an\u00e1lise do Plen\u00e1rio, onde precisa dos votos de ao menos 41 dos 81 senadores. A vota\u00e7\u00e3o \u00e9 secreta. Ap\u00f3s aprovada, a decis\u00e3o \u00e9 comunicada \u00e0 Presid\u00eancia da Rep\u00fablica.<\/p>\n<p>O economista e atual diretor de Pol\u00edtica Monet\u00e1ria do BC foi indicado pelo presidente Luiz In\u00e1cio Lula da Silva (PT) no fim de agosto. Caso aprovado, ele substituir\u00e1 Roberto Campos Neto no comando da autoridade monet\u00e1ria.\n<\/p>\n<p>Ser\u00e1 a segunda vez que Gal\u00edpolo participa de uma sabatina no Senado. Por isso, o governo federal espera um resultado positivo e sem grandes percal\u00e7os.\n<\/p>\n<p>Na segunda-feira (7), Gal\u00edpolo participou de uma reuni\u00e3o com o ministro da Fazenda, Fernando Haddad, e o presidente Lula no Pal\u00e1cio da Alvorada.\n<\/p>\n<p>Com informa\u00e7\u00f5es de CNN\n<\/p>\n<\/div>\n<div class=\"row mt-3\">\n<div class=\"col-sm-6\">\n<p><a href=\"https:\/\/chat.whatsapp.com\/J6hwSKYns5B0XFowx2wZ0P\" target=\"_blank\" rel=\"noopener\"><br \/>\n<img decoding=\"async\" src=\"https:\/\/diariodobrasilnoticias.com.br\/assets-site\/images\/bot_whatsapp.png\"\/><\/a>\n<\/div>\n<div class=\"col-sm-6\">\n<a href=\"https:\/\/t.me\/+_4gTmi5LKo03OTM5\" target=\"_blank\" rel=\"noopener\"><br \/>\n<img decoding=\"async\" src=\"https:\/\/diariodobrasilnoticias.com.br\/assets-site\/images\/bot_telegram.png\"\/><\/a>\n<\/div>\n<\/div>\n<\/div>\n<p><br \/>\n<br \/><a href=\"https:\/\/diariodobrasilnoticias.com.br\/noticia\/indicado-de-lula-ao-bc-galipolo-passa-por-sabatina-no-senado-nesta-terca-8-6705080180c4e\">Source link <\/a><\/p>","protected":false},"excerpt":{"rendered":"<p>Cr\u00e9ditos: Roque de S\u00e1\/Ag\u00eancia Senado A Comiss\u00e3o de Assuntos Econ\u00f4micos (CAE) do Senado realiza nesta ter\u00e7a-feira (8) a sabatina de Gabriel Gal\u00edpolo, indicado do presidente Luiz In\u00e1cio Lula da Silva&hellip;<\/p>","protected":false},"author":1,"featured_media":46052,"comment_status":"closed","ping_status":"open","sticky":false,"template":"","format":"standard","meta":{"content-type":"","footnotes":""},"categories":[16],"tags":[123,2448,5313,1267],"class_list":["post-46051","post","type-post","status-publish","format-standard","has-post-thumbnail","hentry","category-noticias","tag-brasil","tag-diario","tag-noticia","tag-noticias"],"_links":{"self":[{"href":"https:\/\/tvbrazilusa.com\/pt\/wp-json\/wp\/v2\/posts\/46051","targetHints":{"allow":["GET"]}}],"collection":[{"href":"https:\/\/tvbrazilusa.com\/pt\/wp-json\/wp\/v2\/posts"}],"about":[{"href":"https:\/\/tvbrazilusa.com\/pt\/wp-json\/wp\/v2\/types\/post"}],"author":[{"embeddable":true,"href":"https:\/\/tvbrazilusa.com\/pt\/wp-json\/wp\/v2\/users\/1"}],"replies":[{"embeddable":true,"href":"https:\/\/tvbrazilusa.com\/pt\/wp-json\/wp\/v2\/comments?post=46051"}],"version-history":[{"count":1,"href":"https:\/\/tvbrazilusa.com\/pt\/wp-json\/wp\/v2\/posts\/46051\/revisions"}],"predecessor-version":[{"id":46053,"href":"https:\/\/tvbrazilusa.com\/pt\/wp-json\/wp\/v2\/posts\/46051\/revisions\/46053"}],"wp:featuredmedia":[{"embeddable":true,"href":"https:\/\/tvbrazilusa.com\/pt\/wp-json\/wp\/v2\/media\/46052"}],"wp:attachment":[{"href":"https:\/\/tvbrazilusa.com\/pt\/wp-json\/wp\/v2\/media?parent=46051"}],"wp:term":[{"taxonomy":"category","embeddable":true,"href":"https:\/\/tvbrazilusa.com\/pt\/wp-json\/wp\/v2\/categories?post=46051"},{"taxonomy":"post_tag","embeddable":true,"href":"https:\/\/tvbrazilusa.com\/pt\/wp-json\/wp\/v2\/tags?post=46051"}],"curies":[{"name":"wp","href":"https:\/\/api.w.org\/{rel}","templated":true}]}}