{"id":46066,"date":"2024-10-08T13:23:04","date_gmt":"2024-10-08T13:23:04","guid":{"rendered":"https:\/\/tvbrazilusa.com\/2024\/10\/08\/bolsonaro-se-manifesta-sobre-apoio-a-ricardo-nunes-no-segundo-turno-confira\/"},"modified":"2024-10-08T13:23:05","modified_gmt":"2024-10-08T13:23:05","slug":"bolsonaro-se-manifesta-sobre-apoio-a-ricardo-nunes-no-segundo-turno-confira","status":"publish","type":"post","link":"https:\/\/tvbrazilusa.com\/pt\/2024\/10\/08\/bolsonaro-se-manifesta-sobre-apoio-a-ricardo-nunes-no-segundo-turno-confira\/","title":{"rendered":"Bolsonaro se manifesta, sobre apoio a Ricardo Nunes no segundo turno; CONFIRA"},"content":{"rendered":"<p> <script async src=\"https:\/\/pagead2.googlesyndication.com\/pagead\/js\/adsbygoogle.js?client=ca-pub-8864793242727901\"\r\n     crossorigin=\"anonymous\"><\/script><br \/>\n<\/p>\n<div id=\"taboola-read-more\" style=\"display:block; width:100%\">\n<p>O ex-presidente Jair Bolsonaro (PL) revelou, em entrevista coletiva neste domingo, 6, em sua resid\u00eancia na Barra da Tijuca, Rio de Janeiro, que ir\u00e1 se envolver profundamente na campanha de Ricardo Nunes (MDB) no segundo turno das elei\u00e7\u00f5es em S\u00e3o Paulo.\n<\/p>\n<p>\u201cVou entrar de cabe\u00e7a, porque antes havia uma d\u00favida se, eu entrando de cabe\u00e7a, poderia atrapalhar\u201d, disse o ex-presidente, que seguir\u00e1 em visitas a cidades onde candidatos de seu partido disputam o segundo turno. \u201cMas entendo que, agora, os votos de Pablo Mar\u00e7al, de direita, v\u00e3o migrar para o Nunes.\u201d<\/p>\n<p>O ex-presidente ainda criticou o \u201cbaixo n\u00edvel\u201d do debate, que, segundo ele, marcou a campanha em S\u00e3o Paulo. \u201cAlguns estavam apaixonados por esse amor de ver\u00e3o [Mar\u00e7al], mas os votos v\u00e3o migrar para n\u00f3s\u201d, observou.\n<\/p>\n<p>Sobre a pol\u00eamica que envolve um laudo falso de uso de coca\u00edna de Guilherme Boulos (Psol), divulgado por Mar\u00e7al, Bolsonaro declarou que n\u00e3o acredita que o psolista seja consumidor de drogas. \u201cConsidero uma droga completa\u201d, disse.\n<\/p>\n<p><strong>Resultado do primeiro turno leva Bolsonaro a intensificar apoio a Nunes<\/strong><br \/>O prefeito Ricardo Nunes (MDB) e o deputado federal Guilherme Boulos (Psol) v\u00e3o travar disputa no segundo turno para a Prefeitura de S\u00e3o Paulo. O empres\u00e1rio e influenciador digital Pablo Mar\u00e7al (PRTB) ficou em terceiro.\n<\/p>\n<p>Candidato \u00e0 reelei\u00e7\u00e3o, Nunes teve 29,49% dos votos v\u00e1lidos, com 99,52% das sess\u00f5es apuradas. Vereador paulistano por dois mandatos, o emedebista foi eleito vice-prefeito em 2020. Assumiu o comando da administra\u00e7\u00e3o municipal em maio de 2021, em virtude da morte de Bruno Covas (PSDB), ent\u00e3o titular.\n<\/p>\n<p>Em 2024, Ricardo Nunes tem o coronel Mello Ara\u00fajo (PL) como candidato a vice. A coliga\u00e7\u00e3o da dupla se completa com a participa\u00e7\u00e3o de outros nove partidos: PP, PSD, Republicanos, Solidariedade, Podemos, Avante, PRD, Mobiliza e Uni\u00e3o Brasil.\n<\/p>\n<p>Fonte: Revista Oeste <\/p>\n<\/div>\n<p><br \/>\n<br \/><a href=\"https:\/\/diariodobrasilnoticias.com.br\/noticia\/bolsonaro-se-manifesta-sobre-apoio-a-ricardo-nunes-no-segundo-turno-confira-67050977cc3c0\">Source link <\/a><\/p>","protected":false},"excerpt":{"rendered":"<p>O ex-presidente Jair Bolsonaro (PL) revelou, em entrevista coletiva neste domingo, 6, em sua resid\u00eancia na Barra da Tijuca, Rio de Janeiro, que ir\u00e1 se envolver profundamente na campanha de&hellip;<\/p>","protected":false},"author":1,"featured_media":46067,"comment_status":"closed","ping_status":"open","sticky":false,"template":"","format":"standard","meta":{"content-type":"","footnotes":""},"categories":[16],"tags":[123,2448,5313,1267],"class_list":["post-46066","post","type-post","status-publish","format-standard","has-post-thumbnail","hentry","category-noticias","tag-brasil","tag-diario","tag-noticia","tag-noticias"],"_links":{"self":[{"href":"https:\/\/tvbrazilusa.com\/pt\/wp-json\/wp\/v2\/posts\/46066","targetHints":{"allow":["GET"]}}],"collection":[{"href":"https:\/\/tvbrazilusa.com\/pt\/wp-json\/wp\/v2\/posts"}],"about":[{"href":"https:\/\/tvbrazilusa.com\/pt\/wp-json\/wp\/v2\/types\/post"}],"author":[{"embeddable":true,"href":"https:\/\/tvbrazilusa.com\/pt\/wp-json\/wp\/v2\/users\/1"}],"replies":[{"embeddable":true,"href":"https:\/\/tvbrazilusa.com\/pt\/wp-json\/wp\/v2\/comments?post=46066"}],"version-history":[{"count":1,"href":"https:\/\/tvbrazilusa.com\/pt\/wp-json\/wp\/v2\/posts\/46066\/revisions"}],"predecessor-version":[{"id":46068,"href":"https:\/\/tvbrazilusa.com\/pt\/wp-json\/wp\/v2\/posts\/46066\/revisions\/46068"}],"wp:featuredmedia":[{"embeddable":true,"href":"https:\/\/tvbrazilusa.com\/pt\/wp-json\/wp\/v2\/media\/46067"}],"wp:attachment":[{"href":"https:\/\/tvbrazilusa.com\/pt\/wp-json\/wp\/v2\/media?parent=46066"}],"wp:term":[{"taxonomy":"category","embeddable":true,"href":"https:\/\/tvbrazilusa.com\/pt\/wp-json\/wp\/v2\/categories?post=46066"},{"taxonomy":"post_tag","embeddable":true,"href":"https:\/\/tvbrazilusa.com\/pt\/wp-json\/wp\/v2\/tags?post=46066"}],"curies":[{"name":"wp","href":"https:\/\/api.w.org\/{rel}","templated":true}]}}