{"id":46105,"date":"2024-10-08T15:17:52","date_gmt":"2024-10-08T15:17:52","guid":{"rendered":"https:\/\/tvbrazilusa.com\/2024\/10\/08\/kaka-diniz-se-afasta-das-redes-sociais-apos-diagnostico\/"},"modified":"2024-10-08T15:17:53","modified_gmt":"2024-10-08T15:17:53","slug":"kaka-diniz-se-afasta-das-redes-sociais-apos-diagnostico","status":"publish","type":"post","link":"https:\/\/tvbrazilusa.com\/pt\/2024\/10\/08\/kaka-diniz-se-afasta-das-redes-sociais-apos-diagnostico\/","title":{"rendered":"Kak\u00e1 Diniz se afasta das redes sociais ap\u00f3s diagn\u00f3stico"},"content":{"rendered":"<p> <script async src=\"https:\/\/pagead2.googlesyndication.com\/pagead\/js\/adsbygoogle.js?client=ca-pub-8864793242727901\"\r\n     crossorigin=\"anonymous\"><\/script><br \/>\n<\/p>\n<div id=\"taboola-read-more\" style=\"display:block; width:100%\">\n<p>Kak\u00e1 Diniz, conhecido empres\u00e1rio e marido da famosa cantora sertaneja Simone Mendes, anunciou nessa segunda-feira, 7 de outubro, que dar\u00e1 um tempo das redes sociais. A decis\u00e3o inesperada veio ap\u00f3s ele ser diagnosticado com uma forte virose. Com isso, ele pretende se afastar temporariamente do mundo virtual para focar em sua recupera\u00e7\u00e3o.\n<\/p>\n<p>Em uma declara\u00e7\u00e3o nos stories do Instagram, Kak\u00e1 foi direto ao ponto: \u201cGalera, ficarei off de celular por essa semana para cuidar da sa\u00fade. Virose pegou forte. Estou off de WhatsApp tamb\u00e9m por uns dias. Dou mais not\u00edcias depois\u201d. A mensagem foi clara e mostrou a seriedade com que est\u00e1 tratando a situa\u00e7\u00e3o. At\u00e9 o fechamento desta mat\u00e9ria, mais detalhes sobre seu estado de sa\u00fade n\u00e3o foram divulgados.<\/p>\n<p>Por que Kak\u00e1 Diniz decidiu se afastar das redes sociais?\n<\/p>\n<p>Seu afastamento das redes sociais gerou especula\u00e7\u00f5es, mas a raz\u00e3o principal \u00e9 a sa\u00fade. A virose que atingiu Kak\u00e1 Diniz parece ter sido severa o suficiente para requerer esse \u201cdesconectar\u201d. Em tempos onde o digital parece dominar nossa vida cotidiana, dar um passo atr\u00e1s se faz necess\u00e1rio para cuidar n\u00e3o apenas da sa\u00fade f\u00edsica, mas tamb\u00e9m mental. Essa decis\u00e3o mostra o comprometimento de Kak\u00e1 com seu pr\u00f3prio bem-estar.\n<\/p>\n<div class=\"ad-wrapper-div\"><\/div>\n<p>Reprodu\u00e7\u00e3o\/Instagram\/@kakadiniz<\/p>\n<p>\u00a0<\/p>\n<p><strong>Quem \u00e9 Kak\u00e1 Diniz?<\/strong><br \/>Para aqueles que n\u00e3o conhecem, Kak\u00e1 Diniz \u00e9 um influente empres\u00e1rio brasileiro que al\u00e9m de gerir neg\u00f3cios, ficou conhecido por seu casamento com Simone Mendes. Ele \u00e9 ativo nas redes sociais, onde compartilha n\u00e3o s\u00f3 momentos de sua vida pessoal, mas tamb\u00e9m ideias e reflex\u00f5es. Recentemente, ele provocou uma reflex\u00e3o sobre o verdadeiro significado de estar e ser casado, demonstrando sua vis\u00e3o sobre compromissos duradouros.<\/p>\n<p><strong>O que significa \u201cser casado\u201d segundo Kak\u00e1 Diniz?<\/strong><br \/>Em um momento de introspec\u00e7\u00e3o, Kak\u00e1 Diniz compartilhou com seus seguidores sua vis\u00e3o sobre o casamento: \u201cEu te respondo isso. Muita gente est\u00e1, mas nem todos que est\u00e3o, s\u00e3o. Compreende?\u201d Para ele, ser casado \u00e9 uma identidade, enquanto estar casado \u00e9 simplesmente uma condi\u00e7\u00e3o. Ele caracteriza o matrim\u00f4nio como um compromisso eterno e n\u00e3o uma entidade mut\u00e1vel sujeita a mudan\u00e7as externas.<\/p>\n<ul>\n<li>Ser casado \u00e9 uma identidade: um estado de ser que n\u00e3o muda facilmente com o tempo ou circunst\u00e2ncias.<\/li>\n<li>Estar casado \u00e9 uma condi\u00e7\u00e3o tempor\u00e1ria: sujeito a mudan\u00e7as de humor e circunst\u00e2ncias.<\/li>\n<li>Compromisso: segundo Kak\u00e1, \u201co final sempre ter\u00e1 que ser o mesmo: \u2018at\u00e9 que a morte os separe\u2019.\u201d<\/li>\n<\/ul>\n<p>\u00a0<\/p>\n<div class=\"ad-wrapper-div\"><strong>Como a perspectiva de Kak\u00e1 Diniz afeta seus seguidores?<\/strong><br \/>As postagens de Kak\u00e1 geraram uma s\u00e9rie de rea\u00e7\u00f5es positivas nas redes sociais. Muitos de seus seguidores expressaram palavras de apoio e admira\u00e7\u00e3o pela forma como ele v\u00ea o relacionamento conjugal. Coment\u00e1rios como \u201cLindos\u201d, \u201cDecidi ser CASADO h\u00e1 15 anos!\u201d e \u201cJesus aben\u00e7oe voc\u00eas\u201d mostram que as reflex\u00f5es de Kak\u00e1 tocaram fundo nas pessoas, abrindo discuss\u00f5es sobre as din\u00e2micas e desafios de um casamento moderno.<\/p>\n<p>A pausa de Kak\u00e1 Diniz das redes sociais devido a quest\u00f5es de sa\u00fade mostra que \u00e0s vezes \u00e9 preciso parar e refletir, priorizando o que realmente importa. Em um mundo onde estamos sempre conectados, sua decis\u00e3o oferece uma nova perspectiva sobre o equil\u00edbrio necess\u00e1rio entre o digital e a realidade f\u00edsica.<\/p>\n<\/div>\n<p>\u00a0<\/p>\n<p>Fonte: O antagonista<\/p>\n<\/p><\/div>\n<p><br \/>\n<br \/><a href=\"https:\/\/diariodobrasilnoticias.com.br\/noticia\/kaka-diniz-se-afasta-das-redes-sociais-apos-diagnostico-67052c66eeb5b\">Source link <\/a><\/p>","protected":false},"excerpt":{"rendered":"<p>Kak\u00e1 Diniz, conhecido empres\u00e1rio e marido da famosa cantora sertaneja Simone Mendes, anunciou nessa segunda-feira, 7 de outubro, que dar\u00e1 um tempo das redes sociais. A decis\u00e3o inesperada veio ap\u00f3s&hellip;<\/p>","protected":false},"author":1,"featured_media":46106,"comment_status":"closed","ping_status":"open","sticky":false,"template":"","format":"standard","meta":{"content-type":"","footnotes":""},"categories":[16],"tags":[123,2448,5313,1267],"class_list":["post-46105","post","type-post","status-publish","format-standard","has-post-thumbnail","hentry","category-noticias","tag-brasil","tag-diario","tag-noticia","tag-noticias"],"_links":{"self":[{"href":"https:\/\/tvbrazilusa.com\/pt\/wp-json\/wp\/v2\/posts\/46105","targetHints":{"allow":["GET"]}}],"collection":[{"href":"https:\/\/tvbrazilusa.com\/pt\/wp-json\/wp\/v2\/posts"}],"about":[{"href":"https:\/\/tvbrazilusa.com\/pt\/wp-json\/wp\/v2\/types\/post"}],"author":[{"embeddable":true,"href":"https:\/\/tvbrazilusa.com\/pt\/wp-json\/wp\/v2\/users\/1"}],"replies":[{"embeddable":true,"href":"https:\/\/tvbrazilusa.com\/pt\/wp-json\/wp\/v2\/comments?post=46105"}],"version-history":[{"count":1,"href":"https:\/\/tvbrazilusa.com\/pt\/wp-json\/wp\/v2\/posts\/46105\/revisions"}],"predecessor-version":[{"id":46107,"href":"https:\/\/tvbrazilusa.com\/pt\/wp-json\/wp\/v2\/posts\/46105\/revisions\/46107"}],"wp:featuredmedia":[{"embeddable":true,"href":"https:\/\/tvbrazilusa.com\/pt\/wp-json\/wp\/v2\/media\/46106"}],"wp:attachment":[{"href":"https:\/\/tvbrazilusa.com\/pt\/wp-json\/wp\/v2\/media?parent=46105"}],"wp:term":[{"taxonomy":"category","embeddable":true,"href":"https:\/\/tvbrazilusa.com\/pt\/wp-json\/wp\/v2\/categories?post=46105"},{"taxonomy":"post_tag","embeddable":true,"href":"https:\/\/tvbrazilusa.com\/pt\/wp-json\/wp\/v2\/tags?post=46105"}],"curies":[{"name":"wp","href":"https:\/\/api.w.org\/{rel}","templated":true}]}}