{"id":46123,"date":"2024-10-08T16:18:05","date_gmt":"2024-10-08T16:18:05","guid":{"rendered":"https:\/\/tvbrazilusa.com\/2024\/10\/08\/vereador-falece-pouco-antes-de-ser-reeleito-para-o-cargo\/"},"modified":"2024-10-08T16:18:06","modified_gmt":"2024-10-08T16:18:06","slug":"vereador-falece-pouco-antes-de-ser-reeleito-para-o-cargo","status":"publish","type":"post","link":"https:\/\/tvbrazilusa.com\/pt\/2024\/10\/08\/vereador-falece-pouco-antes-de-ser-reeleito-para-o-cargo\/","title":{"rendered":"Vereador falece pouco antes de ser reeleito para o cargo"},"content":{"rendered":"<p> <script async src=\"https:\/\/pagead2.googlesyndication.com\/pagead\/js\/adsbygoogle.js?client=ca-pub-8864793242727901\"\r\n     crossorigin=\"anonymous\"><\/script><br \/>\n<\/p>\n<div id=\"taboola-read-more\" style=\"display:block; width:100%\">\n<p>O vereador Geraldo Corado (MDB), parlamentar da cidade de Sebasti\u00e3o Barros, no Piau\u00ed, morreu ap\u00f3s sofrer um infarto no \u00faltimo domingo (6) momentos antes de o resultado das elei\u00e7\u00f5es mostrar que ele havia sido reeleito para mais um mandato na C\u00e2mara Municipal. Corado foi o segundo vereador mais votado da cidade, com 289 votos, nove a menos que o primeiro colocado.\n<\/p>\n<p>De acordo com o presidente da C\u00e2mara de Sebasti\u00e3o Barros, Wenderson Guedes, Geraldo n\u00e3o chegou a saber que tinha sido reeleito para um novo mandato, pois tinha viajado para uma outra cidade e, quando estava retornando, sofreu o infarto.<\/p>\n<p>\u2013 Por volta das 16h de domingo ele foi a Corrente, e da\u00ed, quando ele estava voltando, sofreu o infarto. Foi reeleito e n\u00e3o chegou nem saber do resultado. Quantos votos ele teve, nem se ele tinha ganhado. Antes de terminar o resultado ele faleceu, infelizmente \u2013 disse.\n<\/p>\n<p>Na p\u00e1gina de Geraldo nas redes sociais, familiares divulgaram que o vel\u00f3rio aconteceria em uma funer\u00e1ria em frente ao Hospital Regional de Corrente. Na tarde desta segunda-feira (7), o pol\u00edtico foi sepultado no povoado Canto Alegre, na Zona Rural de Sebasti\u00e3o Barros.\n<\/p>\n<p>Fonte: Pleno News <\/p>\n<\/div>\n<p><br \/>\n<br \/><a href=\"https:\/\/diariodobrasilnoticias.com.br\/noticia\/vereador-falece-pouco-antes-de-ser-reeleito-para-o-cargo-6705330695435\">Source link <\/a><\/p>","protected":false},"excerpt":{"rendered":"<p>O vereador Geraldo Corado (MDB), parlamentar da cidade de Sebasti\u00e3o Barros, no Piau\u00ed, morreu ap\u00f3s sofrer um infarto no \u00faltimo domingo (6) momentos antes de o resultado das elei\u00e7\u00f5es mostrar&hellip;<\/p>","protected":false},"author":1,"featured_media":46124,"comment_status":"closed","ping_status":"open","sticky":false,"template":"","format":"standard","meta":{"content-type":"","footnotes":""},"categories":[16],"tags":[123,2448,5313,1267],"class_list":["post-46123","post","type-post","status-publish","format-standard","has-post-thumbnail","hentry","category-noticias","tag-brasil","tag-diario","tag-noticia","tag-noticias"],"_links":{"self":[{"href":"https:\/\/tvbrazilusa.com\/pt\/wp-json\/wp\/v2\/posts\/46123","targetHints":{"allow":["GET"]}}],"collection":[{"href":"https:\/\/tvbrazilusa.com\/pt\/wp-json\/wp\/v2\/posts"}],"about":[{"href":"https:\/\/tvbrazilusa.com\/pt\/wp-json\/wp\/v2\/types\/post"}],"author":[{"embeddable":true,"href":"https:\/\/tvbrazilusa.com\/pt\/wp-json\/wp\/v2\/users\/1"}],"replies":[{"embeddable":true,"href":"https:\/\/tvbrazilusa.com\/pt\/wp-json\/wp\/v2\/comments?post=46123"}],"version-history":[{"count":1,"href":"https:\/\/tvbrazilusa.com\/pt\/wp-json\/wp\/v2\/posts\/46123\/revisions"}],"predecessor-version":[{"id":46125,"href":"https:\/\/tvbrazilusa.com\/pt\/wp-json\/wp\/v2\/posts\/46123\/revisions\/46125"}],"wp:featuredmedia":[{"embeddable":true,"href":"https:\/\/tvbrazilusa.com\/pt\/wp-json\/wp\/v2\/media\/46124"}],"wp:attachment":[{"href":"https:\/\/tvbrazilusa.com\/pt\/wp-json\/wp\/v2\/media?parent=46123"}],"wp:term":[{"taxonomy":"category","embeddable":true,"href":"https:\/\/tvbrazilusa.com\/pt\/wp-json\/wp\/v2\/categories?post=46123"},{"taxonomy":"post_tag","embeddable":true,"href":"https:\/\/tvbrazilusa.com\/pt\/wp-json\/wp\/v2\/tags?post=46123"}],"curies":[{"name":"wp","href":"https:\/\/api.w.org\/{rel}","templated":true}]}}