{"id":46146,"date":"2024-10-08T17:04:36","date_gmt":"2024-10-08T17:04:36","guid":{"rendered":"https:\/\/tvbrazilusa.com\/2024\/10\/08\/cidade-inteira-de-santo-agostinho-ordenada-para-evacuacao-jacksonville-today\/"},"modified":"2024-10-08T17:23:49","modified_gmt":"2024-10-08T17:23:49","slug":"cidade-inteira-de-santo-agostinho-ordenada-para-evacuacao-jacksonville-today","status":"publish","type":"post","link":"https:\/\/tvbrazilusa.com\/pt\/2024\/10\/08\/cidade-inteira-de-santo-agostinho-ordenada-para-evacuacao-jacksonville-today\/","title":{"rendered":"Cidade inteira de Santo Agostinho ordenada para evacua\u00e7\u00e3o &#8211; Jacksonville Today"},"content":{"rendered":"<p> <script async src=\"https:\/\/pagead2.googlesyndication.com\/pagead\/js\/adsbygoogle.js?client=ca-pub-8864793242727901\"\r\n     crossorigin=\"anonymous\"><\/script><br \/>\n<\/p>\n<div>\n<p>O condado de St. Johns ordenou a evacua\u00e7\u00e3o de toda a cidade de St. Augustine enquanto o furac\u00e3o Milton se aproxima da Fl\u00f3rida.<\/p>\n<p>O pedido tamb\u00e9m abrange a cidade de St. Augustine Beach e residentes que vivem em propriedades \u00e0 beira-mar ou em \u00e1reas propensas a inunda\u00e7\u00f5es. Os residentes que vivem em barcos, caravanas, casas m\u00f3veis e \u00e1reas baixas propensas a inunda\u00e7\u00f5es tamb\u00e9m s\u00e3o obrigados a evacuar.<\/p>\n<p>A ordem entra em vigor \u00e0s 8h de quarta-feira, mesmo hor\u00e1rio em que ser\u00e3o abertos os abrigos de emerg\u00eancia.<\/p>\n<p>\u201cChegar\u00e1 um momento em que n\u00e3o poderemos entrar e resgat\u00e1-los\u201d, disse Melissa Wissel, porta-voz de St. Augustine. \u201cV\u00e1 para um terreno mais alto.\u201d<\/p>\n<p>As pessoas que sofreram inunda\u00e7\u00f5es em tempestades anteriores devem partir o mais r\u00e1pido poss\u00edvel, disse ela.<\/p>\n<p>Separadamente, o condado de St. Johns emitiu uma ordem de evacua\u00e7\u00e3o obrigat\u00f3ria para todas as instala\u00e7\u00f5es de sa\u00fade nas zonas de evacua\u00e7\u00e3o A, B e F (ao sul da State Road 206), a partir das 14h de ter\u00e7a-feira.<\/p>\n<p>\u201cA emiss\u00e3o antecipada desta ordem de evacua\u00e7\u00e3o obrigat\u00f3ria para unidades de sa\u00fade visa facilitar a coordena\u00e7\u00e3o da log\u00edstica e do transporte, garantindo que os pacientes e residentes nestas unidades de sa\u00fade continuem a receber cuidados\u201d, afirma o an\u00fancio.<\/p>\n<p>Um mapa completo das zonas de evacua\u00e7\u00e3o, uma lista de abrigos e informa\u00e7\u00f5es adicionais sobre planejamento de emerg\u00eancia podem ser encontrados em <a href=\"http:\/\/www.sjcemergencymanagement.com\/\" target=\"_blank\" rel=\"noreferrer noopener nofollow\">www.SJCEmergencyManagement.com<\/a>.<\/p>\n<p>Tr\u00eas abrigos contra tempestades ser\u00e3o abertos na quarta-feira para acomodar os evacuados:<\/p>\n<ul class=\"wp-block-list\">\n<li><strong>Necessidades M\u00e9dicas Especiais:<\/strong> Freedom Crossing Academy, 1365 Shetland Drive, St.<\/li>\n<li><strong>Aceita animais de estima\u00e7\u00e3o:<\/strong> Escola prim\u00e1ria South Woods, 4750 State Road 206 West, Elkton.<\/li>\n<li><strong>Popula\u00e7\u00e3o Geral:<\/strong> Escola Secund\u00e1ria Pedro Menendez, 600 State Road 206 West, Santo Agostinho.<\/li>\n<\/ul>\n<p>Os residentes que necessitam de transporte para um abrigo contra tempestades devem ligar para a Linha Direta de Informa\u00e7\u00f5es ao Cidad\u00e3o para Gerenciamento de Emerg\u00eancias no n\u00famero 904-824-5550. Ser\u00e1 fornecido transporte para os necessitados.<\/p>\n<\/div>\n<p><br \/>\n<br \/><a href=\"https:\/\/jaxtoday.org\/2024\/10\/08\/st-augustine-evacuation\/\">Source link <\/a><\/p>","protected":false},"excerpt":{"rendered":"<p>O condado de St. Johns ordenou a evacua\u00e7\u00e3o de toda a cidade de St. Augustine enquanto o furac\u00e3o Milton se aproxima da Fl\u00f3rida. O pedido tamb\u00e9m abrange a cidade de&hellip;<\/p>","protected":false},"author":1,"featured_media":46147,"comment_status":"closed","ping_status":"open","sticky":false,"template":"","format":"standard","meta":{"content-type":"","footnotes":""},"categories":[1],"tags":[],"class_list":["post-46146","post","type-post","status-publish","format-standard","has-post-thumbnail","hentry","category-uncategorized"],"_links":{"self":[{"href":"https:\/\/tvbrazilusa.com\/pt\/wp-json\/wp\/v2\/posts\/46146","targetHints":{"allow":["GET"]}}],"collection":[{"href":"https:\/\/tvbrazilusa.com\/pt\/wp-json\/wp\/v2\/posts"}],"about":[{"href":"https:\/\/tvbrazilusa.com\/pt\/wp-json\/wp\/v2\/types\/post"}],"author":[{"embeddable":true,"href":"https:\/\/tvbrazilusa.com\/pt\/wp-json\/wp\/v2\/users\/1"}],"replies":[{"embeddable":true,"href":"https:\/\/tvbrazilusa.com\/pt\/wp-json\/wp\/v2\/comments?post=46146"}],"version-history":[{"count":1,"href":"https:\/\/tvbrazilusa.com\/pt\/wp-json\/wp\/v2\/posts\/46146\/revisions"}],"predecessor-version":[{"id":46148,"href":"https:\/\/tvbrazilusa.com\/pt\/wp-json\/wp\/v2\/posts\/46146\/revisions\/46148"}],"wp:featuredmedia":[{"embeddable":true,"href":"https:\/\/tvbrazilusa.com\/pt\/wp-json\/wp\/v2\/media\/46147"}],"wp:attachment":[{"href":"https:\/\/tvbrazilusa.com\/pt\/wp-json\/wp\/v2\/media?parent=46146"}],"wp:term":[{"taxonomy":"category","embeddable":true,"href":"https:\/\/tvbrazilusa.com\/pt\/wp-json\/wp\/v2\/categories?post=46146"},{"taxonomy":"post_tag","embeddable":true,"href":"https:\/\/tvbrazilusa.com\/pt\/wp-json\/wp\/v2\/tags?post=46146"}],"curies":[{"name":"wp","href":"https:\/\/api.w.org\/{rel}","templated":true}]}}