{"id":46162,"date":"2024-10-08T18:09:02","date_gmt":"2024-10-08T18:09:02","guid":{"rendered":"https:\/\/tvbrazilusa.com\/2024\/10\/08\/evangelicos-por-harris-ao-porta-voz-religioso-ameacador-de-trump-traga\/"},"modified":"2024-10-08T18:21:39","modified_gmt":"2024-10-08T18:21:39","slug":"evangelicos-por-harris-ao-porta-voz-religioso-ameacador-de-trump-traga","status":"publish","type":"post","link":"https:\/\/tvbrazilusa.com\/pt\/2024\/10\/08\/evangelicos-por-harris-ao-porta-voz-religioso-ameacador-de-trump-traga\/","title":{"rendered":"Evang\u00e9licos por Harris ao porta-voz religioso amea\u00e7ador de Trump: Traga!"},"content":{"rendered":"<script async src=\"https:\/\/pagead2.googlesyndication.com\/pagead\/js\/adsbygoogle.js?client=ca-pub-8864793242727901\"\r\n     crossorigin=\"anonymous\"><\/script>\n<div>\n<p class=\"article__paragraph article__paragraph--left\" id=\"WZH3KJ5GKREJBDHTX2BYZN5LGY\">A organiza\u00e7\u00e3o Evang\u00e9licos por Harris n\u00e3o recua apesar das amea\u00e7as legais de um aliado conservador do ex-presidente Trump. <\/p>\n<p class=\"article__paragraph article__paragraph--left\" id=\"Y6Q45252PRAKVLOIG5CEJU7ADI\">O grupo disse na ter\u00e7a-feira na plataforma de m\u00eddia social X que os advogados do Rev. Franklin Graham, um apoiador de longa data de Trump, enviaram <a href=\"https:\/\/x.com\/Evangels4Harris\/status\/1843674676930982300\" target=\"_blank\" rel=\"noopener\" title=\"https:\/\/x.com\/Evangels4Harris\/status\/1843674676930982300\">cartas de cessar e desistir<\/a> aos evang\u00e9licos por Harris <a href=\"https:\/\/www.evangelicalsforharris.com\/ads\" target=\"_blank\" rel=\"noopener\" title=\"https:\/\/www.evangelicalsforharris.com\/ads\">sobre seus an\u00fancios <\/a>apoiando o vice-presidente Harris. Cerca de 8 em cada 10 eleitores evang\u00e9licos brancos votaram em Trump em 2020, de acordo com a AP VoteCast. <\/p>\n<p class=\"article__paragraph article__paragraph--left\" id=\"OWE65K7W7NFVVLZNTFPVSOFGCY\">\u201cEm resposta aos nossos primeiros an\u00fancios, Franklin Graham fez uma turn\u00ea conservadora pela m\u00eddia, xingando-nos e dizendo ao p\u00fablico crist\u00e3o para ignorar as Escrituras e as pr\u00f3prias palavras de Donald Trump em nossos an\u00fancios. Quando isso falhou e dezenas de milh\u00f5es de eleitores crist\u00e3os n\u00e3o apenas ouviram, mas tamb\u00e9m compartilharam nossos an\u00fancios, Franklin Graham virou uma p\u00e1gina do manual de Trump e est\u00e1 tentando nos silenciar com amea\u00e7as de um processo judicial longo e caro\u201d, escreveu o grupo em uma declara\u00e7\u00e3o.<\/p>\n<p>\u201cFranklin tem medo dos nossos an\u00fancios porque n\u00e3o dizemos \u00e0s pessoas o que fazer ou pensar. N\u00f3s apenas consideramos as pr\u00f3prias palavras de Trump \u00e0 luz das Escrituras, \u00e0 necessidade de arrependimento e \u00e0s advert\u00eancias b\u00edblicas contra l\u00edderes exatamente como Trump\u201d, continuou a declara\u00e7\u00e3o.<\/p>\n<p class=\"article__paragraph article__paragraph--left\" id=\"IUFATH42DFD7DABUXNXLVLHRPE\">Graham falou <a href=\"https:\/\/x.com\/Franklin_Graham\/status\/1840868101060993065\" target=\"_blank\" rel=\"noopener\" title=\"https:\/\/x.com\/Franklin_Graham\/status\/1840868101060993065\">durante um evento de campanha na Ge\u00f3rgia <\/a>com Trump no m\u00eas passado, pouco depois de o furac\u00e3o Helene ter devastado o seu estado natal, a Carolina do Norte, bem como a Florida, a Ge\u00f3rgia e o Tennessee. <\/p>\n<p class=\"article__paragraph article__paragraph--left\" id=\"D3TVOMMANBFJLJVMY5ADITRPCE\">Alguns dos an\u00fancios de Evang\u00e9licos para Harris apresentam serm\u00f5es do pai de Graham, Billy Graham. Graham acusou o grupo de <a href=\"https:\/\/www.foxnews.com\/media\/rev-franklin-graham-calls-out-evangelicals-harris-trying-mislead-people-using-his-father-ad\" target=\"_blank\" rel=\"noopener\" title=\"https:\/\/www.foxnews.com\/media\/rev-franklin-graham-calls-out-evangelicals-harris-trying-mislead-people-using-his-father-ad\">\u201ctentando enganar\u201d <\/a>pessoas apresentando seu pai em seus an\u00fancios. <\/p>\n<p class=\"article__paragraph article__paragraph--left\" id=\"RP5UST23JRAH5DF554BIHBFQSI\">O grupo Evang\u00e9licos por Harris n\u00e3o deu nenhuma indica\u00e7\u00e3o de que interromperia seus an\u00fancios, apesar das amea\u00e7as legais de Graham. <\/p>\n<p class=\"article__paragraph article__paragraph--left\" id=\"2RPXBJV4NFANHPZRX2L3KJKZEY\">\u201cFranklin colocou sua esperan\u00e7a em um homem e em uma escurid\u00e3o que vimos manifestada quando as linhas policiais foram invadidas no Capit\u00f3lio de nossa na\u00e7\u00e3o em 6 de janeiro, em Springfield no m\u00eas passado, e no esp\u00edrito de medo e raiva alimentados em todos os com\u00edcios de Trump que Franklin participa, \u201d dizia o comunicado.<\/p>\n<p>\u201cNossa esperan\u00e7a n\u00e3o est\u00e1 em nenhum homem ou mulher, mas somente em Cristo. A nossa chamada \u00e9 servir, testemunhar o amor e a compaix\u00e3o de Cristo e seguir o Seu exemplo de nos posicionarmos entre os l\u00edderes religiosos hip\u00f3critas e os marginalizados sociais. Sabemos que a lei est\u00e1 do nosso lado neste caso. Se Franklin cumprir suas amea\u00e7as, o veremos no tribunal\u201d, continua o comunicado.<\/p>\n<p class=\"article__paragraph article__paragraph--left\" id=\"5OTGSGZ62NH3HHRQCDQVWTZ5E4\">Com um financiamento modesto em 2020, o grupo, anteriormente conhecido como Evang\u00e9licos por Biden, tinha como alvo os eleitores evang\u00e9licos em estados indecisos. Nesta elei\u00e7\u00e3o, o reverendo Jim Ball, presidente da organiza\u00e7\u00e3o, disse que eles est\u00e3o expandindo a opera\u00e7\u00e3o e pretendem gastar um milh\u00e3o de d\u00f3lares em an\u00fancios direcionados.<\/p>\n<p class=\"article__paragraph article__paragraph--left\" id=\"K4HDORMOOFGERK76VV7E245OU4\">Embora os evang\u00e9licos brancos votem fortemente nos republicanos, nem todos os evang\u00e9licos s\u00e3o uma barreira para o Partido Republicano e, numa disputa acirrada, cada voto conta.<\/p>\n<p class=\"article__paragraph article__paragraph--left\" id=\"QU2FYGYOZBAV5OUI6HOE2GZH64\">Em 2020, Biden conquistou cerca de 2 em cada 10 eleitores evang\u00e9licos brancos, mas teve melhor desempenho com os evang\u00e9licos em geral, de acordo com a AP VoteCast, conquistando cerca de um ter\u00e7o deste grupo. Uma pesquisa AP-NORC de setembro descobriu que cerca de 6 em cada 10 americanos que se identificam como \u201cnascidos de novo\u201d ou \u201cevang\u00e9licos\u201d t\u00eam uma vis\u00e3o um tanto ou muito desfavor\u00e1vel de Harris, mas cerca de um ter\u00e7o tem uma opini\u00e3o favor\u00e1vel sobre ela. A maioria \u2013 cerca de 8 em cada 10 \u2013 dos evang\u00e9licos brancos tem uma vis\u00e3o negativa de Harris.<\/p>\n<p class=\"article__paragraph article__paragraph--left\" id=\"7HQINTVLLZHUJDZPD4JUV7UMIE\"><i>A Associated Press contribuiu para este relat\u00f3rio.<\/i><\/p>\n<section class=\"Stories-By-Author-module_wrapper__ezbcK Stories-By-Author-module_nj__Ap1-Y\"\/>\n<p class=\"article__paragraph article__paragraph--left\" id=\"GE2HCLU6JRBR3KOIXXPCRHBMWA\"><i>Nosso jornalismo precisa do seu apoio. Por favor, inscreva-se hoje para <\/i><a href=\"https:\/\/www.nj.com\/\"><i><u>NJ.com<\/u><\/i><\/a><i>.<\/i><\/p>\n<\/div>\n<p><br \/>\n<br \/><a href=\"https:\/\/www.nj.com\/politics\/2024\/10\/evangelicals-for-harris-to-trumps-threatening-religious-mouthpiece-bring-it.html\">Source link <\/a><\/p>","protected":false},"excerpt":{"rendered":"<p>A organiza\u00e7\u00e3o Evang\u00e9licos por Harris n\u00e3o recua apesar das amea\u00e7as legais de um aliado conservador do ex-presidente Trump. O grupo disse na ter\u00e7a-feira na plataforma de m\u00eddia social X que&hellip;<\/p>","protected":false},"author":1,"featured_media":46163,"comment_status":"closed","ping_status":"open","sticky":false,"template":"","format":"standard","meta":{"content-type":"","footnotes":""},"categories":[1],"tags":[26198,24441,26180,26183,26195,26188,26171,26200,24123,23124,26185,26187,26177,26203,26192,3647,5473,26173,2523,12764,19824,13777,2078,10571,12704,26204,26202,26201,26199,26197,26196,26194,26193,26191,26190,26189,26186,26184,26182,26181,26179,26178,26176,26175,26174,26172,26170,22849,22855,2177,1304,1298,1295,1338,2184,1325,1317,1310,1301,2159,22847],"class_list":["post-46162","post","type-post","status-publish","format-standard","has-post-thumbnail","hentry","category-uncategorized","tag-palavra-chave-aliado","tag-palavra-chave-biden","tag-palavra-chave-escritura","tag-palavra-chave-esperanca","tag-palavra-chave-evangelico","tag-palavra-chave-evangelicos","tag-palavra-chave-franklin","tag-palavra-chave-graham","tag-palavra-chave-homem","tag-palavra-chave-trunfo","tag-palavra-chave-um-terco","tag-palavra-chave-visualizar","tag-palavra-chaveanuncios","tag-palavra-chaveapoiador","tag-palavra-chavecristo","tag-palavra-chavedeclaracao","tag-palavra-chavegeorgia","tag-palavra-chavegraham","tag-palavra-chavegrupo","tag-palavra-chaveharris","tag-palavra-chaveorganizacao","tag-palavra-chavepai","tag-palavra-chavepessoas","tag-palavra-chavepresidente","tag-palavra-chavetrump","tag-26204","tag-26202","tag-26201","tag-26199","tag-26197","tag-26196","tag-26194","tag-26193","tag-26191","tag-26190","tag-26189","tag-26186","tag-26184","tag-26182","tag-26181","tag-26179","tag-26178","tag-26176","tag-26175","tag-26174","tag-26172","tag-26170","tag-etiqueta-nome_adequado","tag-etiqueta-substantivo","tag-frequencia10","tag-frequencia11","tag-frequencia12","tag-frequencia14","tag-frequencia2","tag-frequencia3","tag-frequencia4","tag-frequencia5","tag-frequencia6","tag-frequencia8","tag-frequencia9","tag-pontuacao-0"],"_links":{"self":[{"href":"https:\/\/tvbrazilusa.com\/pt\/wp-json\/wp\/v2\/posts\/46162","targetHints":{"allow":["GET"]}}],"collection":[{"href":"https:\/\/tvbrazilusa.com\/pt\/wp-json\/wp\/v2\/posts"}],"about":[{"href":"https:\/\/tvbrazilusa.com\/pt\/wp-json\/wp\/v2\/types\/post"}],"author":[{"embeddable":true,"href":"https:\/\/tvbrazilusa.com\/pt\/wp-json\/wp\/v2\/users\/1"}],"replies":[{"embeddable":true,"href":"https:\/\/tvbrazilusa.com\/pt\/wp-json\/wp\/v2\/comments?post=46162"}],"version-history":[{"count":1,"href":"https:\/\/tvbrazilusa.com\/pt\/wp-json\/wp\/v2\/posts\/46162\/revisions"}],"predecessor-version":[{"id":46164,"href":"https:\/\/tvbrazilusa.com\/pt\/wp-json\/wp\/v2\/posts\/46162\/revisions\/46164"}],"wp:featuredmedia":[{"embeddable":true,"href":"https:\/\/tvbrazilusa.com\/pt\/wp-json\/wp\/v2\/media\/46163"}],"wp:attachment":[{"href":"https:\/\/tvbrazilusa.com\/pt\/wp-json\/wp\/v2\/media?parent=46162"}],"wp:term":[{"taxonomy":"category","embeddable":true,"href":"https:\/\/tvbrazilusa.com\/pt\/wp-json\/wp\/v2\/categories?post=46162"},{"taxonomy":"post_tag","embeddable":true,"href":"https:\/\/tvbrazilusa.com\/pt\/wp-json\/wp\/v2\/tags?post=46162"}],"curies":[{"name":"wp","href":"https:\/\/api.w.org\/{rel}","templated":true}]}}