{"id":46165,"date":"2024-10-08T18:01:49","date_gmt":"2024-10-08T18:01:49","guid":{"rendered":"https:\/\/tvbrazilusa.com\/2024\/10\/08\/boulos-conquista-vitoria-expressiva-nos-presidios-de-sao-paulo-incluindo-votacao-unanime-paulo-figueiredo\/"},"modified":"2024-10-08T18:24:56","modified_gmt":"2024-10-08T18:24:56","slug":"boulos-conquista-vitoria-expressiva-nos-presidios-de-sao-paulo-incluindo-votacao-unanime-paulo-figueiredo","status":"publish","type":"post","link":"https:\/\/tvbrazilusa.com\/pt\/2024\/10\/08\/boulos-conquista-vitoria-expressiva-nos-presidios-de-sao-paulo-incluindo-votacao-unanime-paulo-figueiredo\/","title":{"rendered":"Boulos conquista vit\u00f3ria expressiva nos pres\u00eddios de S\u00e3o Paulo, incluindo vota\u00e7\u00e3o un\u00e2nime &#8211; Paulo Figueiredo"},"content":{"rendered":"<p> <script async src=\"https:\/\/pagead2.googlesyndication.com\/pagead\/js\/adsbygoogle.js?client=ca-pub-8864793242727901\"\r\n     crossorigin=\"anonymous\"><\/script><br \/>\n<\/p>\n<div id=\"wtr-content\" data-bg=\"#FFFFFF\" data-fg=\"#006d91\" data-width=\"25\" data-mute=\"1\" data-fgopacity=\"1.00\" data-mutedopacity=\"0.5\" data-placement=\"bottom\" data-placement-offset=\"0\" data-content-offset=\"262\" data-placement-touch=\"bottom\" data-placement-offset-touch=\"0\" data-transparent=\"\" data-shadow=\"0\" data-touch=\"1\" data-non-touch=\"1\" data-comments=\"0\" data-commentsbg=\"transparent\" data-location=\"page\" data-mutedfg=\"#006d91\" data-endfg=\"#006d91\" data-rtl=\"\">\n<h4 class=\"wp-block-heading\" id=\"h-boulos-so-nao-foi-o-mais-votado-no-presidio-onde-policiais-cumprem-pena\">Boulos s\u00f3 n\u00e3o foi o mais votado no pres\u00eddio onde policiais cumprem pena<\/h4>\n<p>No primeiro turno da elei\u00e7\u00e3o para a prefeitura de\u00a0S\u00e3o Paulo, Guilherme Boulos (Psol), candidato de extrema-esquerda, foi o preferido entre presos e menores infratores. Ele conquistou 48% dos votos nas se\u00e7\u00f5es eleitorais localizadas em pres\u00eddios e nas unidades da Funda\u00e7\u00e3o Casa, que abrigam criminosos de menor idade.<\/p>\n<p>A pesquisa foi inicialmente divulgada pelo jornalista Pedro Campos, no programa Jornal Gente, que \u00e9 transmitido simultaneamente pela R\u00e1dio Bandeirantes e TV BandNews.<\/p>\n<p>O pres\u00eddio Rom\u00e3o Gomes foi o \u00fanico lugar onde Boulos n\u00e3o recebeu a maioria dos votos. Neste local, onde policiais condenados est\u00e3o cumprindo suas penas, Boulos e T\u00e1bata Amaral (PSB) obtiveram apenas dois votos cada, em compara\u00e7\u00e3o com os 25 votos de\u00a0Ricardo Nunes\u00a0(MDB). Por outro lado, o tucano Jos\u00e9 Luiz\u00a0Datena\u00a0n\u00e3o conseguiu nenhum voto.<\/p>\n<p><strong>Todos os criminosos detidos no Centro de Deten\u00e7\u00e3o Provis\u00f3ria 4 de Pinheiros, localizado na zona oeste, votaram un\u00e2nime em Boulos:<\/strong>\u00a0nenhum outro candidato foi escolhido para a prefeitura pelos criminosos encarcerados.<\/p>\n<p>Na apura\u00e7\u00e3o geral,\u00a0Pablo Mar\u00e7al\u00a0(PRTB) obteve a segunda posi\u00e7\u00e3o nos pres\u00eddios com 23%, enquanto T\u00e1bata Amaral (PSB) conquistou a terceira posi\u00e7\u00e3o com 15%. O prefeito atual, Ricardo Nunes (MDB), ficou em quarto lugar com 11% e os demais candidatos n\u00e3o alcan\u00e7aram 1%.<\/p>\n<p>O Estado de S\u00e3o Paulo teve 51 se\u00e7\u00f5es eleitorais estabelecidas em institui\u00e7\u00f5es prisionais e unidades de interna\u00e7\u00e3o pela\u00a0Justi\u00e7a\u00a0Eleitoral.<\/p>\n<p>Havia 2.729 detentos e jovens infratores eleg\u00edveis para votar, no entanto, nem todos optaram por expressar sua prefer\u00eancia na urna.<\/p>\n<p>Segundo a legisla\u00e7\u00e3o, o direito ao voto \u00e9 concedido ao detento \u201cprovis\u00f3rio\u201d, que n\u00e3o possui condena\u00e7\u00e3o criminal transitada em julgado.<\/p>\n<p><strong><a href=\"https:\/\/www.contrafatos.com.br\/boulos-conquista-vitoria-expressiva-nos-presidios-de-sao-paulo-incluindo-votacao-unanime\/\">Source link<\/a><\/strong><\/p>\n<\/div>\n<p><br \/>\n<br \/><a href=\"https:\/\/paulofigueiredoshow.com\/boulos-conquista-vitoria-expressiva-nos-presidios-de-sao-paulo-incluindo-votacao-unanime\/\">Source link <\/a><\/p>","protected":false},"excerpt":{"rendered":"<p>Boulos s\u00f3 n\u00e3o foi o mais votado no pres\u00eddio onde policiais cumprem pena No primeiro turno da elei\u00e7\u00e3o para a prefeitura de\u00a0S\u00e3o Paulo, Guilherme Boulos (Psol), candidato de extrema-esquerda, foi&hellip;<\/p>","protected":false},"author":1,"featured_media":8590,"comment_status":"closed","ping_status":"open","sticky":false,"template":"","format":"standard","meta":{"content-type":"","footnotes":""},"categories":[16],"tags":[341,26205,26206,26207,86],"class_list":["post-46165","post","type-post","status-publish","format-standard","has-post-thumbnail","hentry","category-noticias","tag-boulos","tag-conquita","tag-detentos","tag-fundacao-casa","tag-vitoria"],"_links":{"self":[{"href":"https:\/\/tvbrazilusa.com\/pt\/wp-json\/wp\/v2\/posts\/46165","targetHints":{"allow":["GET"]}}],"collection":[{"href":"https:\/\/tvbrazilusa.com\/pt\/wp-json\/wp\/v2\/posts"}],"about":[{"href":"https:\/\/tvbrazilusa.com\/pt\/wp-json\/wp\/v2\/types\/post"}],"author":[{"embeddable":true,"href":"https:\/\/tvbrazilusa.com\/pt\/wp-json\/wp\/v2\/users\/1"}],"replies":[{"embeddable":true,"href":"https:\/\/tvbrazilusa.com\/pt\/wp-json\/wp\/v2\/comments?post=46165"}],"version-history":[{"count":1,"href":"https:\/\/tvbrazilusa.com\/pt\/wp-json\/wp\/v2\/posts\/46165\/revisions"}],"predecessor-version":[{"id":46166,"href":"https:\/\/tvbrazilusa.com\/pt\/wp-json\/wp\/v2\/posts\/46165\/revisions\/46166"}],"wp:featuredmedia":[{"embeddable":true,"href":"https:\/\/tvbrazilusa.com\/pt\/wp-json\/wp\/v2\/media\/8590"}],"wp:attachment":[{"href":"https:\/\/tvbrazilusa.com\/pt\/wp-json\/wp\/v2\/media?parent=46165"}],"wp:term":[{"taxonomy":"category","embeddable":true,"href":"https:\/\/tvbrazilusa.com\/pt\/wp-json\/wp\/v2\/categories?post=46165"},{"taxonomy":"post_tag","embeddable":true,"href":"https:\/\/tvbrazilusa.com\/pt\/wp-json\/wp\/v2\/tags?post=46165"}],"curies":[{"name":"wp","href":"https:\/\/api.w.org\/{rel}","templated":true}]}}