{"id":4617,"date":"2024-07-20T16:55:12","date_gmt":"2024-07-20T16:55:12","guid":{"rendered":"https:\/\/tvbrazilusa.com\/2024\/07\/20\/ex-comandante-do-exercito-sai-em-defesa-de-general-alvo-de-moraes-paulo-figueiredo\/"},"modified":"2024-07-20T16:56:27","modified_gmt":"2024-07-20T16:56:27","slug":"ex-comandante-do-exercito-sai-em-defesa-de-general-alvo-de-moraes-paulo-figueiredo","status":"publish","type":"post","link":"https:\/\/tvbrazilusa.com\/pt\/2024\/07\/20\/ex-comandante-do-exercito-sai-em-defesa-de-general-alvo-de-moraes-paulo-figueiredo\/","title":{"rendered":"Ex-comandante do ex\u00e9rcito sai em defesa de general alvo de Moraes &#8211; Paulo Figueiredo"},"content":{"rendered":"<p> <script async src=\"https:\/\/pagead2.googlesyndication.com\/pagead\/js\/adsbygoogle.js?client=ca-pub-8864793242727901\"\r\n     crossorigin=\"anonymous\"><\/script><br \/>\n<\/p>\n<div id=\"wtr-content\" data-bg=\"#FFFFFF\" data-fg=\"#006d91\" data-width=\"25\" data-mute=\"1\" data-fgopacity=\"1.00\" data-mutedopacity=\"0.5\" data-placement=\"bottom\" data-placement-offset=\"0\" data-content-offset=\"262\" data-placement-touch=\"bottom\" data-placement-offset-touch=\"0\" data-transparent=\"\" data-shadow=\"0\" data-touch=\"1\" data-non-touch=\"1\" data-comments=\"0\" data-commentsbg=\"transparent\" data-location=\"page\" data-mutedfg=\"#006d91\" data-endfg=\"#006d91\" data-rtl=\"\">\n<div>\n<p>Ap\u00f3s o final da gest\u00e3o de Jair Bolsonaro, o ex-comandante do Ex\u00e9rcito, Marco Ant\u00f4nio Freire Gomes, tem mantido um perfil discreto. Dividindo seu tempo entre Bras\u00edlia e Fortaleza, o general tem se afastado dos holofotes e de muitos de seus colegas militares, evitando participa\u00e7\u00f5es em eventos p\u00fablicos e declara\u00e7\u00f5es \u00e0 m\u00eddia.<\/p>\n<p>Recentemente, Freire Gomes quebrou seu sil\u00eancio para defender um alto oficial do Ex\u00e9rcito em um contexto de investiga\u00e7\u00e3o conduzida pela Pol\u00edcia Federal. Este apoio veio por meio de um testemunho onde ele elogiava o comportamento profissional e pessoal do General Estevam Theophilo, respons\u00e1vel pelo Comando de Opera\u00e7\u00f5es Terrestres at\u00e9 o final de 2023.<\/p>\n<p>Segundo investiga\u00e7\u00f5es, Theophilo participou de v\u00e1rias reuni\u00f5es com Bolsonaro no Pal\u00e1cio da Alvorada. Um fato intrigante nas investiga\u00e7\u00f5es \u00e9 a contradi\u00e7\u00e3o entre as declara\u00e7\u00f5es dos dois generais, Freire Gomes e Theophilo. Enquanto Freire Gomes disse \u00e0 Pol\u00edcia Federal que n\u00e3o instruiu Theophilo a se reunir com Bolsonaro, este \u00faltimo afirmou que suas visitas ao Alvorada foram a pedido de seu superior.<\/p>\n<\/div>\n<p><a href=\"https:\/\/terrabrasilnoticias.com\/2024\/07\/ex-comandante-do-exercito-sai-em-defesa-de-general-alvo-de-moraes\/\">Source link <\/a><\/p>\n<\/div>\n<p><br \/>\n<br \/><a href=\"https:\/\/paulofigueiredoshow.com\/ex-comandante-do-exercito-sai-em-defesa-de-general-alvo-de-moraes\/\">Source link <\/a><\/p>","protected":false},"excerpt":{"rendered":"<p>Ap\u00f3s o final da gest\u00e3o de Jair Bolsonaro, o ex-comandante do Ex\u00e9rcito, Marco Ant\u00f4nio Freire Gomes, tem mantido um perfil discreto. Dividindo seu tempo entre Bras\u00edlia e Fortaleza, o general&hellip;<\/p>","protected":false},"author":1,"featured_media":4569,"comment_status":"closed","ping_status":"open","sticky":false,"template":"","format":"standard","meta":{"content-type":"","footnotes":""},"categories":[16],"tags":[],"class_list":["post-4617","post","type-post","status-publish","format-standard","has-post-thumbnail","hentry","category-noticias"],"_links":{"self":[{"href":"https:\/\/tvbrazilusa.com\/pt\/wp-json\/wp\/v2\/posts\/4617","targetHints":{"allow":["GET"]}}],"collection":[{"href":"https:\/\/tvbrazilusa.com\/pt\/wp-json\/wp\/v2\/posts"}],"about":[{"href":"https:\/\/tvbrazilusa.com\/pt\/wp-json\/wp\/v2\/types\/post"}],"author":[{"embeddable":true,"href":"https:\/\/tvbrazilusa.com\/pt\/wp-json\/wp\/v2\/users\/1"}],"replies":[{"embeddable":true,"href":"https:\/\/tvbrazilusa.com\/pt\/wp-json\/wp\/v2\/comments?post=4617"}],"version-history":[{"count":1,"href":"https:\/\/tvbrazilusa.com\/pt\/wp-json\/wp\/v2\/posts\/4617\/revisions"}],"predecessor-version":[{"id":4618,"href":"https:\/\/tvbrazilusa.com\/pt\/wp-json\/wp\/v2\/posts\/4617\/revisions\/4618"}],"wp:featuredmedia":[{"embeddable":true,"href":"https:\/\/tvbrazilusa.com\/pt\/wp-json\/wp\/v2\/media\/4569"}],"wp:attachment":[{"href":"https:\/\/tvbrazilusa.com\/pt\/wp-json\/wp\/v2\/media?parent=4617"}],"wp:term":[{"taxonomy":"category","embeddable":true,"href":"https:\/\/tvbrazilusa.com\/pt\/wp-json\/wp\/v2\/categories?post=4617"},{"taxonomy":"post_tag","embeddable":true,"href":"https:\/\/tvbrazilusa.com\/pt\/wp-json\/wp\/v2\/tags?post=4617"}],"curies":[{"name":"wp","href":"https:\/\/api.w.org\/{rel}","templated":true}]}}