{"id":46173,"date":"2024-10-08T17:35:46","date_gmt":"2024-10-08T17:35:46","guid":{"rendered":"https:\/\/tvbrazilusa.com\/2024\/10\/08\/justica-condena-monark-a-prisao-por-chamar-flavio-dino-de-gordola-paulo-figueiredo\/"},"modified":"2024-10-08T18:50:58","modified_gmt":"2024-10-08T18:50:58","slug":"justica-condena-monark-a-prisao-por-chamar-flavio-dino-de-gordola-paulo-figueiredo","status":"publish","type":"post","link":"https:\/\/tvbrazilusa.com\/pt\/2024\/10\/08\/justica-condena-monark-a-prisao-por-chamar-flavio-dino-de-gordola-paulo-figueiredo\/","title":{"rendered":"Justi\u00e7a condena Monark \u00e0 pris\u00e3o por chamar Fl\u00e1vio Dino de \u2018gordola\u2019 &#8211; Paulo Figueiredo"},"content":{"rendered":"<p> <script async src=\"https:\/\/pagead2.googlesyndication.com\/pagead\/js\/adsbygoogle.js?client=ca-pub-8864793242727901\"\r\n     crossorigin=\"anonymous\"><\/script><br \/>\n<\/p>\n<div id=\"wtr-content\" data-bg=\"#FFFFFF\" data-fg=\"#006d91\" data-width=\"25\" data-mute=\"1\" data-fgopacity=\"1.00\" data-mutedopacity=\"0.5\" data-placement=\"bottom\" data-placement-offset=\"0\" data-content-offset=\"262\" data-placement-touch=\"bottom\" data-placement-offset-touch=\"0\" data-transparent=\"\" data-shadow=\"0\" data-touch=\"1\" data-non-touch=\"1\" data-comments=\"0\" data-commentsbg=\"transparent\" data-location=\"page\" data-mutedfg=\"#006d91\" data-endfg=\"#006d91\" data-rtl=\"\">\n<h3 class=\"wp-block-heading\">YouTuber foi condenado a 14 meses de pris\u00e3o<\/h3>\n<p>A Justi\u00e7a Federal condenou o\u00a0<em>youtuber\u00a0<\/em>Bruno Aiub, mais conhecido como Monark, a um ano e dois meses de deten\u00e7\u00e3o pelo crime de inj\u00faria cometido contra o ministro Fl\u00e1vio Dino, do Supremo Tribunal Federal (STF). A senten\u00e7a ainda imp\u00f5e a obriga\u00e7\u00e3o do pagamento de indeniza\u00e7\u00e3o de R$ 50 mil.<\/p>\n<p>A decis\u00e3o \u00e9 da ju\u00edza Maria Isabel do Prado, da 5\u00aa Vara Federal de S\u00e3o Paulo, e foi tomada na \u00faltima quinta-feira, 3. Em 2023, Dino, que \u00e0 \u00e9poca era ministro da Justi\u00e7a, formulou uma queixa-crime contra\u00a0<strong>Monark<\/strong>\u00a0por cal\u00fania e difama\u00e7\u00e3o. Durante um\u00a0<em>podcast<\/em>, o\u00a0<em>youtuber\u00a0<\/em>chamou o ministro de \u201cgordola\u201d e disse que o socialista quer \u201cescravizar as pessoas\u201d.<\/p>\n<blockquote class=\"wp-block-quote is-layout-flow wp-block-quote-is-layout-flow\">\n<p>\u201cVoc\u00ea vai ser escravizado por um gordola. Esse cara sozinho n\u00e3o dura um segundo na rua, n\u00e3o consegue correr 100 metros. Coloca ele na floresta para ver se ele sobrevive. Voc\u00ea vai deixar esse cara ser o seu mestre? Foi para isso que os seus pais te deram educa\u00e7\u00e3o? Eles se sacrificaram para voc\u00ea servir esse filho da puta?\u201d<\/p>\n<\/blockquote>\n<p>Na decis\u00e3o que condena o\u00a0<em>youtuber<\/em>, a ju\u00edza afastou a condena\u00e7\u00e3o por difama\u00e7\u00e3o, mas disse estar configurado o crime de inj\u00faria com fatos comprovados \u201cal\u00e9m de qualquer d\u00favida razo\u00e1vel\u201d. A informa\u00e7\u00e3o \u00e9 do jornal\u00a0<em>O Globo<\/em>.<\/p>\n<p>\u201c\u00c9 inequ\u00edvoco que as frases por ele pronunciadas foram ofensivas \u00e0 dignidade e ao decoro da v\u00edtima, bem assim que o acusado teve o dolo espec\u00edfico de injuriar o querelante, no que extrapolou o \u00e2nimo de mera cr\u00edtica\u201d, afirma a magistrada.<\/p>\n<p>Segundo a ju\u00edza, as express\u00f5es \u201cesse merda\u201d e \u201cum bosta\u201d, \u201cutilizadas para fazer refer\u00eancia ao ofendido, s\u00e3o insultos de teor escatol\u00f3gico que afrontam gravemente os atributos morais do querelante, porque lhe atribuem o conceito negativo de dejeto, rejeito, negando-lhe a dignidade intr\u00ednseca de que \u00e9 merecedor por ser pessoa humana\u201d.<\/p>\n<h3 class=\"wp-block-heading\">Leia mais:<\/h3>\n<p>Para a magistrada, o direito \u00e0 cr\u00edtica \u201cn\u00e3o se presta a justificar xingamentos e acusa\u00e7\u00f5es indiscriminadas, levianas, aviltantes e irrespons\u00e1veis como as feitas pelo acusado em rela\u00e7\u00e3o ao decoro e \u00e0 dignidade do querelante, tanto como agente p\u00fablico quanto como indiv\u00edduo\u201d.<\/p>\n<p>Em dezembro de 2023, a queixa-crime chegou a ser suspensa pelo desembargador do Tribunal Regional Federal da 3\u00aa Regi\u00e3o (TRF-3) Fausto Martin de Sanctis, mas a a\u00e7\u00e3o penal voltou a tramitar em mar\u00e7o deste ano depois de decis\u00e3o colegiada do tribunal.<\/p>\n<p>Monark n\u00e3o apresentou advogados para fazer sua defesa e acabou representado pela Defensoria P\u00fablica, que pedia o trancamento da a\u00e7\u00e3o penal. O\u00a0<em>youtuber\u00a0<\/em>poder\u00e1 recorrer em liberdade.<\/p>\n<h3 class=\"wp-block-heading\">Monark vive no exterior<\/h3>\n<p>Monark teve que se mudar para os Estados Unidos depois de criticar o processo eleitoral e a confiabilidade das urnas eletr\u00f4nicas. \u201cEu sou um perseguido pol\u00edtico e, infelizmente, temendo pela minha seguran\u00e7a e tamb\u00e9m para continuar com o meu trabalho, me vi obrigado a vir para os Estados Unidos, que \u00e9 um pa\u00eds que tem liberdade de express\u00e3o\u201d, disse em entrevista \u00e0\u00a0<em>Gazeta do Povo<\/em>.<\/p>\n<p>A Justi\u00e7a ordenou o bloqueio integral de todas as redes sociais de Monark em junho do ano passado. Isso aconteceu depois que o influenciador digital entrevistou o deputado\u00a0<strong>Filipe Barros<\/strong>\u00a0(PL-PR), que falou sobre fragilidades das urnas eletr\u00f4nicas.<\/p>\n<p><strong><a href=\"https:\/\/revistaoeste.com\/politica\/justica-condena-monark-a-prisao-por-chamar-flavio-dino-de-gordola\/\">Source link<\/a><\/strong><\/p>\n<\/div>\n<p><br \/>\n<br \/><a href=\"https:\/\/paulofigueiredoshow.com\/justica-condena-monark-a-prisao-por-chamar-flavio-dino-de-gordola\/\">Source link <\/a><\/p>","protected":false},"excerpt":{"rendered":"<p>YouTuber foi condenado a 14 meses de pris\u00e3o A Justi\u00e7a Federal condenou o\u00a0youtuber\u00a0Bruno Aiub, mais conhecido como Monark, a um ano e dois meses de deten\u00e7\u00e3o pelo crime de inj\u00faria&hellip;<\/p>","protected":false},"author":1,"featured_media":42234,"comment_status":"closed","ping_status":"open","sticky":false,"template":"","format":"standard","meta":{"content-type":"","footnotes":""},"categories":[16],"tags":[26208,5614,26209,17573,26210],"class_list":["post-46173","post","type-post","status-publish","format-standard","has-post-thumbnail","hentry","category-noticias","tag-14-meses","tag-condenado","tag-gordola","tag-monark","tag-rpisao"],"_links":{"self":[{"href":"https:\/\/tvbrazilusa.com\/pt\/wp-json\/wp\/v2\/posts\/46173","targetHints":{"allow":["GET"]}}],"collection":[{"href":"https:\/\/tvbrazilusa.com\/pt\/wp-json\/wp\/v2\/posts"}],"about":[{"href":"https:\/\/tvbrazilusa.com\/pt\/wp-json\/wp\/v2\/types\/post"}],"author":[{"embeddable":true,"href":"https:\/\/tvbrazilusa.com\/pt\/wp-json\/wp\/v2\/users\/1"}],"replies":[{"embeddable":true,"href":"https:\/\/tvbrazilusa.com\/pt\/wp-json\/wp\/v2\/comments?post=46173"}],"version-history":[{"count":1,"href":"https:\/\/tvbrazilusa.com\/pt\/wp-json\/wp\/v2\/posts\/46173\/revisions"}],"predecessor-version":[{"id":46174,"href":"https:\/\/tvbrazilusa.com\/pt\/wp-json\/wp\/v2\/posts\/46173\/revisions\/46174"}],"wp:featuredmedia":[{"embeddable":true,"href":"https:\/\/tvbrazilusa.com\/pt\/wp-json\/wp\/v2\/media\/42234"}],"wp:attachment":[{"href":"https:\/\/tvbrazilusa.com\/pt\/wp-json\/wp\/v2\/media?parent=46173"}],"wp:term":[{"taxonomy":"category","embeddable":true,"href":"https:\/\/tvbrazilusa.com\/pt\/wp-json\/wp\/v2\/categories?post=46173"},{"taxonomy":"post_tag","embeddable":true,"href":"https:\/\/tvbrazilusa.com\/pt\/wp-json\/wp\/v2\/tags?post=46173"}],"curies":[{"name":"wp","href":"https:\/\/api.w.org\/{rel}","templated":true}]}}