{"id":46178,"date":"2024-10-08T17:17:57","date_gmt":"2024-10-08T17:17:57","guid":{"rendered":"https:\/\/tvbrazilusa.com\/2024\/10\/08\/israel-diz-ter-matado-chefe-do-quartel-do-hezbollah-em-beirute-paulo-figueiredo\/"},"modified":"2024-10-08T19:18:36","modified_gmt":"2024-10-08T19:18:36","slug":"israel-diz-ter-matado-chefe-do-quartel-do-hezbollah-em-beirute-paulo-figueiredo","status":"publish","type":"post","link":"https:\/\/tvbrazilusa.com\/pt\/2024\/10\/08\/israel-diz-ter-matado-chefe-do-quartel-do-hezbollah-em-beirute-paulo-figueiredo\/","title":{"rendered":"Israel diz ter matado chefe do quartel do Hezbollah em Beirute &#8211; Paulo Figueiredo"},"content":{"rendered":"<p> <script async src=\"https:\/\/pagead2.googlesyndication.com\/pagead\/js\/adsbygoogle.js?client=ca-pub-8864793242727901\"\r\n     crossorigin=\"anonymous\"><\/script><br \/>\n<\/p>\n<div id=\"wtr-content\" data-bg=\"#FFFFFF\" data-fg=\"#006d91\" data-width=\"25\" data-mute=\"1\" data-fgopacity=\"1.00\" data-mutedopacity=\"0.5\" data-placement=\"bottom\" data-placement-offset=\"0\" data-content-offset=\"262\" data-placement-touch=\"bottom\" data-placement-offset-touch=\"0\" data-transparent=\"\" data-shadow=\"0\" data-touch=\"1\" data-non-touch=\"1\" data-comments=\"0\" data-commentsbg=\"transparent\" data-location=\"page\" data-mutedfg=\"#006d91\" data-endfg=\"#006d91\" data-rtl=\"\">\n<h3 class=\"wp-block-heading\">Desde o in\u00edcio da escalada de tens\u00e3o, Israel tamb\u00e9m j\u00e1 foi respons\u00e1vel pela morte de Hassan Nasrallah, chefe do grupo<\/h3>\n<p>As FDI (For\u00e7as Armadas de Israel) anunciaram nesta 3\u00aa feira (8.out.2024) que Suhail Hussein, comandante do quartel-general do grupo extremista Hezbollah em Beirute, foi morto por um ataque israelense. A informa\u00e7\u00e3o \u00e9 da ag\u00eancia de not\u00edcias\u00a0<a href=\"https:\/\/www.reuters.com\/world\/middle-east\/hezbollah-strikes-israel-gaza-war-anniversary-fears-grow-over-middle-east-2024-10-07\/\" target=\"_blank\" rel=\"noreferrer noopener\"><em>Reuters<\/em><\/a>.<\/p>\n<p>Desde o in\u00edcio da escalada de tens\u00e3o na regi\u00e3o, Israel tamb\u00e9m j\u00e1 foi respons\u00e1vel pela\u00a0morte de Hassan Nasrallah, principal chefe do grupo. No s\u00e1bado (5.out), o Hezbollah\u00a0teria perdido\u00a0o contato com Hashem Safieddine, chefe do conselho executivo. Safieddine \u00e9 o principal cotado para assumir a lideran\u00e7a do Hezbollah depois da Nasrallah.<\/p>\n<h3 class=\"wp-block-heading\"><strong>OFENSIVA ISRAELENSE NO L\u00cdBANO<\/strong><\/h3>\n<p>Israel e o grupo Hezbollah, do L\u00edbano, travam um conflito na fronteira desde o in\u00edcio da guerra na Faixa de Gaza, em outubro de 2023, depois de um ataque do Hamas, aliado do grupo extremista liban\u00eas.<\/p>\n<p>O conflito entre Israel e Hezbollah se intensificou depois de 2 ataques a dispositivos de comunica\u00e7\u00e3o utilizados pelo grupo extremista. O L\u00edbano acusa o pa\u00eds judeu, que nega autoria. As explos\u00f5es de\u00a0<em><a href=\"https:\/\/www.poder360.com.br\/videos\/explosoes-de-pagers-no-libano-deixam-9-mortos-e-2750-feridos\/\" target=\"_blank\" rel=\"noreferrer noopener\">pagers<\/a><\/em>\u00a0e\u00a0<em>walkie-talkies,<\/em>\u00a0em setembro,\u00a0deixaram ao menos 32 mortos e mais de 3.000 feridos.<\/p>\n<p>Desde semana passada, os bombardeios est\u00e3o sendo realizados diariamente.\u00a0O pa\u00eds alega que as opera\u00e7\u00f5es t\u00eam como alvo os l\u00edderes do Hezbollah. S\u00e3o os ataques a\u00e9reos mais intensos em quase 1 ano de conflito na regi\u00e3o.<\/p>\n<p>Segundo o Minist\u00e9rio da Sa\u00fade do L\u00edbano, mais de 1.000 libaneses foram mortos e outros 6.000 ficaram feridos ap\u00f3s bombardeios de Israel.<\/p>\n<p><strong><a href=\"https:\/\/www.poder360.com.br\/poder-internacional\/israel-diz-ter-matado-chefe-do-quartel-do-hezbollah-em-beirute\/\">Source link<\/a><\/strong><\/p>\n<\/div>\n<p><br \/>\n<br \/><a href=\"https:\/\/paulofigueiredoshow.com\/israel-diz-ter-matado-chefe-do-quartel-do-hezbollah-em-beirute\/\">Source link <\/a><\/p>","protected":false},"excerpt":{"rendered":"<p>Desde o in\u00edcio da escalada de tens\u00e3o, Israel tamb\u00e9m j\u00e1 foi respons\u00e1vel pela morte de Hassan Nasrallah, chefe do grupo As FDI (For\u00e7as Armadas de Israel) anunciaram nesta 3\u00aa feira&hellip;<\/p>","protected":false},"author":1,"featured_media":46179,"comment_status":"closed","ping_status":"open","sticky":false,"template":"","format":"standard","meta":{"content-type":"","footnotes":""},"categories":[16],"tags":[24969,5236,2961,206,2027,4849],"class_list":["post-46178","post","type-post","status-publish","format-standard","has-post-thumbnail","hentry","category-noticias","tag-chefe","tag-grupo","tag-hezbollah","tag-israel","tag-morte","tag-terrorista"],"_links":{"self":[{"href":"https:\/\/tvbrazilusa.com\/pt\/wp-json\/wp\/v2\/posts\/46178","targetHints":{"allow":["GET"]}}],"collection":[{"href":"https:\/\/tvbrazilusa.com\/pt\/wp-json\/wp\/v2\/posts"}],"about":[{"href":"https:\/\/tvbrazilusa.com\/pt\/wp-json\/wp\/v2\/types\/post"}],"author":[{"embeddable":true,"href":"https:\/\/tvbrazilusa.com\/pt\/wp-json\/wp\/v2\/users\/1"}],"replies":[{"embeddable":true,"href":"https:\/\/tvbrazilusa.com\/pt\/wp-json\/wp\/v2\/comments?post=46178"}],"version-history":[{"count":1,"href":"https:\/\/tvbrazilusa.com\/pt\/wp-json\/wp\/v2\/posts\/46178\/revisions"}],"predecessor-version":[{"id":46180,"href":"https:\/\/tvbrazilusa.com\/pt\/wp-json\/wp\/v2\/posts\/46178\/revisions\/46180"}],"wp:featuredmedia":[{"embeddable":true,"href":"https:\/\/tvbrazilusa.com\/pt\/wp-json\/wp\/v2\/media\/46179"}],"wp:attachment":[{"href":"https:\/\/tvbrazilusa.com\/pt\/wp-json\/wp\/v2\/media?parent=46178"}],"wp:term":[{"taxonomy":"category","embeddable":true,"href":"https:\/\/tvbrazilusa.com\/pt\/wp-json\/wp\/v2\/categories?post=46178"},{"taxonomy":"post_tag","embeddable":true,"href":"https:\/\/tvbrazilusa.com\/pt\/wp-json\/wp\/v2\/tags?post=46178"}],"curies":[{"name":"wp","href":"https:\/\/api.w.org\/{rel}","templated":true}]}}