{"id":4619,"date":"2024-07-20T17:00:00","date_gmt":"2024-07-20T17:00:00","guid":{"rendered":"https:\/\/tvbrazilusa.com\/2024\/07\/20\/audi-aposta-em-veiculos-eletricos-e-causa-revolucao-com-novos-modelos\/"},"modified":"2024-07-20T17:02:23","modified_gmt":"2024-07-20T17:02:23","slug":"audi-aposta-em-veiculos-eletricos-e-causa-revolucao-com-novos-modelos","status":"publish","type":"post","link":"https:\/\/tvbrazilusa.com\/pt\/2024\/07\/20\/audi-aposta-em-veiculos-eletricos-e-causa-revolucao-com-novos-modelos\/","title":{"rendered":"Audi aposta em ve\u00edculos el\u00e9tricos e causa revolu\u00e7\u00e3o com novos modelos"},"content":{"rendered":"<p> <script async src=\"https:\/\/pagead2.googlesyndication.com\/pagead\/js\/adsbygoogle.js?client=ca-pub-8864793242727901\"\r\n     crossorigin=\"anonymous\"><\/script><br \/>\n<\/p>\n<div>\n<p>Em uma impressionante mudan\u00e7a de estrat\u00e9gia revelada em setembro de 2023, a Audi decidiu redesenhar completamente a nomenclatura de seus carros. A fabricante alem\u00e3, conhecida pela inova\u00e7\u00e3o e qualidade, simplificar\u00e1 sua gama de ve\u00edculos ao dividir os modelos com n\u00fameros pares e \u00edmpares, indicando, respectivamente, ve\u00edculos el\u00e9tricos e a combust\u00e3o. Esta decis\u00e3o marca uma era onde o el\u00e9trico e o combust\u00edvel coexistir\u00e3o de forma mais clara e definida nas linhas de montagem da Audi.<\/p>\n<p>Como primeira demonstra\u00e7\u00e3o dessa nova pol\u00edtica, a Audi lan\u00e7ou o novo A5, que agora ocupa o lugar do A4. Esse \u00faltimo, um cl\u00e1ssico reconhecido mundialmente, ser\u00e1 completamente transformado em ve\u00edculo el\u00e9trico em breve, seguindo a nova nomenclatura da marca. Tal estrat\u00e9gia n\u00e3o apenas clarifica a identifica\u00e7\u00e3o dos modelos, mas tamb\u00e9m se alinha com as demandas crescentes por ve\u00edculos mais sustent\u00e1veis.<\/p>\n<h2>Por que a Audi optou por uma mudan\u00e7a t\u00e3o dr\u00e1stica?<\/h2>\n<p>A confus\u00e3o entre os numerosos modelos poderia ser dif\u00edcil para os consumidores e entusiastas da marca. Ao escolher essa nova divis\u00e3o, a Audi facilita essa identifica\u00e7\u00e3o e se prepara para um futuro mais verde. Os modelos pares como A4, A6, Q4, Q6 e Q8 agora ser\u00e3o voltados para a eletrifica\u00e7\u00e3o, enquanto os \u00edmpares, como A3, A5, A7, Q3, Q5 e Q7, seguir\u00e3o com motores a combust\u00e3o.<\/p>\n<h2>O que significa essa mudan\u00e7a para os modelos futuros?<\/h2>\n<p>A pr\u00f3pria estrutura de nomenclaturas, como e-tron para el\u00e9tricos, e TFSI e TDI para combust\u00e3o, ser\u00e1 simplificada. Nas palavras de Oliver Hoffmann, chefe t\u00e9cnico da Audi, \u201cno futuro, o A6 ser\u00e1 claramente um carro el\u00e9trico, denotado como A6 e-tron\u201d. Isso significa que a experi\u00eancia de comprar um Audi ser\u00e1 mais intuitiva, dispensando a necessidade de detalhes como emblemas especiais para identificar o tipo de propuls\u00e3o.<\/p>\n<h2>Altera\u00e7\u00f5es no legado dos carros esportivos da Audi<\/h2>\n<p>Outra novidade significativa fica por conta dos modelos esportivos da Audi. Os tradicionais RS4 e RS6, conhecidos pelos entusiastas por suas potentes performances, ser\u00e3o substitu\u00eddos respectivamente pelos RS5 e RS7. Os novos modelos RS seguir\u00e3o sendo sedan, mas informa\u00e7\u00f5es oficializadas sugerem mudan\u00e7as futuras, incluindo adapta\u00e7\u00f5es para modelos do tipo perua. Afinal, com a Audi, as inova\u00e7\u00f5es nunca param.<\/p>\n<p>Com essas mudan\u00e7as, a Audi n\u00e3o apenas prepara seus clientes e admiradores para uma transi\u00e7\u00e3o tranquila para ve\u00edculos mais ecol\u00f3gicos, mas tamb\u00e9m mant\u00e9m a paix\u00e3o pela engenharia automotiva viva, combinando tradi\u00e7\u00e3o e inova\u00e7\u00e3o. \u00c9 certamente um caminho audacioso, que promete redefinir o futuro do transporte no luxo automotivo.<\/p>\n<p>Agora, o que resta \u00e9 aguardar as novidades que a Audi trar\u00e1 em seus futuros lan\u00e7amentos. Com base nesta estrat\u00e9gia, a linha entre ve\u00edculos el\u00e9tricos e a combust\u00e3o nunca foi t\u00e3o clara e, certamente, nunca foi t\u00e3o empolgante.<\/p>\n<\/p><\/div>\n<p><br \/>\n<br \/><a href=\"https:\/\/terrabrasilnoticias.com\/2024\/07\/audi-aposta-em-veiculos-eletricos-e-causa-revolucao-com-novos-modelos\/\">Source link <\/a><\/p>","protected":false},"excerpt":{"rendered":"<p>Em uma impressionante mudan\u00e7a de estrat\u00e9gia revelada em setembro de 2023, a Audi decidiu redesenhar completamente a nomenclatura de seus carros. A fabricante alem\u00e3, conhecida pela inova\u00e7\u00e3o e qualidade, simplificar\u00e1&hellip;<\/p>","protected":false},"author":1,"featured_media":4620,"comment_status":"closed","ping_status":"open","sticky":false,"template":"","format":"standard","meta":{"content-type":"","footnotes":""},"categories":[16],"tags":[],"class_list":["post-4619","post","type-post","status-publish","format-standard","has-post-thumbnail","hentry","category-noticias"],"_links":{"self":[{"href":"https:\/\/tvbrazilusa.com\/pt\/wp-json\/wp\/v2\/posts\/4619","targetHints":{"allow":["GET"]}}],"collection":[{"href":"https:\/\/tvbrazilusa.com\/pt\/wp-json\/wp\/v2\/posts"}],"about":[{"href":"https:\/\/tvbrazilusa.com\/pt\/wp-json\/wp\/v2\/types\/post"}],"author":[{"embeddable":true,"href":"https:\/\/tvbrazilusa.com\/pt\/wp-json\/wp\/v2\/users\/1"}],"replies":[{"embeddable":true,"href":"https:\/\/tvbrazilusa.com\/pt\/wp-json\/wp\/v2\/comments?post=4619"}],"version-history":[{"count":1,"href":"https:\/\/tvbrazilusa.com\/pt\/wp-json\/wp\/v2\/posts\/4619\/revisions"}],"predecessor-version":[{"id":4621,"href":"https:\/\/tvbrazilusa.com\/pt\/wp-json\/wp\/v2\/posts\/4619\/revisions\/4621"}],"wp:featuredmedia":[{"embeddable":true,"href":"https:\/\/tvbrazilusa.com\/pt\/wp-json\/wp\/v2\/media\/4620"}],"wp:attachment":[{"href":"https:\/\/tvbrazilusa.com\/pt\/wp-json\/wp\/v2\/media?parent=4619"}],"wp:term":[{"taxonomy":"category","embeddable":true,"href":"https:\/\/tvbrazilusa.com\/pt\/wp-json\/wp\/v2\/categories?post=4619"},{"taxonomy":"post_tag","embeddable":true,"href":"https:\/\/tvbrazilusa.com\/pt\/wp-json\/wp\/v2\/tags?post=4619"}],"curies":[{"name":"wp","href":"https:\/\/api.w.org\/{rel}","templated":true}]}}