{"id":46202,"date":"2024-10-08T20:19:59","date_gmt":"2024-10-08T20:19:59","guid":{"rendered":"https:\/\/tvbrazilusa.com\/2024\/10\/08\/pgr-defende-retorno-do-x-apos-cumprimento-de-ordem-de-moraes-paulo-figueiredo\/"},"modified":"2024-10-08T20:25:14","modified_gmt":"2024-10-08T20:25:14","slug":"pgr-defende-retorno-do-x-apos-cumprimento-de-ordem-de-moraes-paulo-figueiredo","status":"publish","type":"post","link":"https:\/\/tvbrazilusa.com\/pt\/2024\/10\/08\/pgr-defende-retorno-do-x-apos-cumprimento-de-ordem-de-moraes-paulo-figueiredo\/","title":{"rendered":"PGR defende retorno do X ap\u00f3s cumprimento de ordem de Moraes &#8211; Paulo Figueiredo"},"content":{"rendered":"<p> <script async src=\"https:\/\/pagead2.googlesyndication.com\/pagead\/js\/adsbygoogle.js?client=ca-pub-8864793242727901\"\r\n     crossorigin=\"anonymous\"><\/script><br \/>\n<\/p>\n<div id=\"wtr-content\" data-bg=\"#FFFFFF\" data-fg=\"#006d91\" data-width=\"25\" data-mute=\"1\" data-fgopacity=\"1.00\" data-mutedopacity=\"0.5\" data-placement=\"bottom\" data-placement-offset=\"0\" data-content-offset=\"262\" data-placement-touch=\"bottom\" data-placement-offset-touch=\"0\" data-transparent=\"\" data-shadow=\"0\" data-touch=\"1\" data-non-touch=\"1\" data-comments=\"0\" data-commentsbg=\"transparent\" data-location=\"page\" data-mutedfg=\"#006d91\" data-endfg=\"#006d91\" data-rtl=\"\">\n<p>O procurador-geral da Rep\u00fablica, Paulo Gonet, informou nesta ter\u00e7a-feira (8) que defende o retorno do X, ap\u00f3s o cumprimento das medidas impostas pelo ministro Alexandre de Moraes, do Supremo Tribunal Federal (STF).<\/p>\n<p>No parecer enviado ao STF, divulgado pelo\u00a0<em>Estad\u00e3o<\/em>, Gonet afirmou que com o pagamento das multas, n\u00e3o h\u00e1 mais raz\u00e3o para manter o bloqueio.<\/p>\n<p>O procurador ainda destacou, segundo o jornal, que os motivos da suspens\u00e3o foram superados e que, neste momento, n\u00e3o h\u00e1 motivos que impe\u00e7am o retorno das atividades da empresa.<\/p>\n<p>A X Brasil Ltda, empresa que representa no Brasil a rede social X,\u00a0efetuou no dia 4 de outubro o pagamento das multas de R$ 28,6 milh\u00f5es\u00a0impostas por Moraes para desbloquear o acesso \u00e0 plataforma no pa\u00eds. Com isso, pediu novamente a Moraes o fim da suspens\u00e3o, determinada em 30 de agosto.<\/p>\n<p>O retorno do X agora depende de uma nova decis\u00e3o do ministro Alexandre de Moraes. Ele\u00a0pediu a manifesta\u00e7\u00e3o da PGR\u00a0sobre o bloqueio, ap\u00f3s o cumprimento das multas.<\/p>\n<p>Moraes havia feito tr\u00eas exig\u00eancias para a volta da rede: o pagamento das multas (inicialmente estipuladas em R$ 18,3 milh\u00f5es, depois elevadas para R$ 28,6 milh\u00f5es); a nomea\u00e7\u00e3o de uma representante legal com \u201camplos poderes\u201d para receber as ordens do Judici\u00e1rio; e o bloqueio de perfis que, segundo o ministro, estavam expondo delegados da Pol\u00edcia Federal a amea\u00e7as.<\/p>\n<p>Entre executivos da empresa, havia a percep\u00e7\u00e3o de que Moraes n\u00e3o iria liberar a plataforma antes das elei\u00e7\u00f5es municipais.<\/p>\n<p>Na decis\u00e3o que suspendeu o X, ele acusou a plataforma de permitir \u201cdivulga\u00e7\u00e3o massiva de desinforma\u00e7\u00e3o, discurso de \u00f3dio e atentados ao Estado Democr\u00e1tico de Direito, violando a livre escolha do eleitorado, ao afastar as eleitora e eleitores de informa\u00e7\u00f5es reais e corretas\u201d.<\/p>\n<p><strong><a href=\"https:\/\/www.gazetadopovo.com.br\/republica\/pgr-defende-retorno-do-x-apos-cumprimento-de-ordem-de-moraes\/\">Source link<\/a><\/strong><\/p>\n<\/div>\n<p><br \/>\n<br \/><a href=\"https:\/\/paulofigueiredoshow.com\/pgr-defende-retorno-do-x-apos-cumprimento-de-ordem-de-moraes\/\">Source link <\/a><\/p>","protected":false},"excerpt":{"rendered":"<p>O procurador-geral da Rep\u00fablica, Paulo Gonet, informou nesta ter\u00e7a-feira (8) que defende o retorno do X, ap\u00f3s o cumprimento das medidas impostas pelo ministro Alexandre de Moraes, do Supremo Tribunal&hellip;<\/p>","protected":false},"author":1,"featured_media":23690,"comment_status":"closed","ping_status":"open","sticky":false,"template":"","format":"standard","meta":{"content-type":"","footnotes":""},"categories":[16],"tags":[425,26216,699,20931,871],"class_list":["post-46202","post","type-post","status-publish","format-standard","has-post-thumbnail","hentry","category-noticias","tag-moraes","tag-pagas","tag-pgr","tag-retorno","tag-stf"],"_links":{"self":[{"href":"https:\/\/tvbrazilusa.com\/pt\/wp-json\/wp\/v2\/posts\/46202","targetHints":{"allow":["GET"]}}],"collection":[{"href":"https:\/\/tvbrazilusa.com\/pt\/wp-json\/wp\/v2\/posts"}],"about":[{"href":"https:\/\/tvbrazilusa.com\/pt\/wp-json\/wp\/v2\/types\/post"}],"author":[{"embeddable":true,"href":"https:\/\/tvbrazilusa.com\/pt\/wp-json\/wp\/v2\/users\/1"}],"replies":[{"embeddable":true,"href":"https:\/\/tvbrazilusa.com\/pt\/wp-json\/wp\/v2\/comments?post=46202"}],"version-history":[{"count":1,"href":"https:\/\/tvbrazilusa.com\/pt\/wp-json\/wp\/v2\/posts\/46202\/revisions"}],"predecessor-version":[{"id":46203,"href":"https:\/\/tvbrazilusa.com\/pt\/wp-json\/wp\/v2\/posts\/46202\/revisions\/46203"}],"wp:featuredmedia":[{"embeddable":true,"href":"https:\/\/tvbrazilusa.com\/pt\/wp-json\/wp\/v2\/media\/23690"}],"wp:attachment":[{"href":"https:\/\/tvbrazilusa.com\/pt\/wp-json\/wp\/v2\/media?parent=46202"}],"wp:term":[{"taxonomy":"category","embeddable":true,"href":"https:\/\/tvbrazilusa.com\/pt\/wp-json\/wp\/v2\/categories?post=46202"},{"taxonomy":"post_tag","embeddable":true,"href":"https:\/\/tvbrazilusa.com\/pt\/wp-json\/wp\/v2\/tags?post=46202"}],"curies":[{"name":"wp","href":"https:\/\/api.w.org\/{rel}","templated":true}]}}