{"id":46239,"date":"2024-10-08T21:27:12","date_gmt":"2024-10-08T21:27:12","guid":{"rendered":"https:\/\/tvbrazilusa.com\/2024\/10\/08\/ex-coordenador-de-presidio-do-rn-e-condenado-por-corrupcao-passiva-e-quebra-de-sigilo-funcional\/"},"modified":"2024-10-08T21:27:14","modified_gmt":"2024-10-08T21:27:14","slug":"ex-coordenador-de-presidio-do-rn-e-condenado-por-corrupcao-passiva-e-quebra-de-sigilo-funcional","status":"publish","type":"post","link":"https:\/\/tvbrazilusa.com\/pt\/2024\/10\/08\/ex-coordenador-de-presidio-do-rn-e-condenado-por-corrupcao-passiva-e-quebra-de-sigilo-funcional\/","title":{"rendered":"Ex-coordenador de pres\u00eddio do RN \u00e9 condenado por corrup\u00e7\u00e3o passiva e quebra de sigilo funcional"},"content":{"rendered":"<p> <script async src=\"https:\/\/pagead2.googlesyndication.com\/pagead\/js\/adsbygoogle.js?client=ca-pub-8864793242727901\"\r\n     crossorigin=\"anonymous\"><\/script><br \/>\n<\/p>\n<div>\n<figure class=\"post-image\">\n<\/figure>\n<p><span style=\"font-size: 12px\">Cr\u00e9ditos: Reprodu\u00e7\u00e3o\/MPRN<\/span><\/p>\n<div id=\"taboola-read-more\" style=\"display:block; width:100%\">\n<p>O Minist\u00e9rio P\u00fablico do Rio Grande do Norte (MPRN) obteve a condena\u00e7\u00e3o do ex-policial penal Dhayme Ara\u00fajo da Silva a uma pena total de 8 anos e 5 meses de reclus\u00e3o, al\u00e9m da perda do cargo p\u00fablico. A senten\u00e7a foi proferida pela 5\u00aa Vara Criminal de Natal.\n<\/p>\n<p>Dhayme Ara\u00fajo da Silva, conhecido com PQD, foi denunciado pelo MPRN pela pr\u00e1tica dos crimes de corrup\u00e7\u00e3o passiva e viola\u00e7\u00e3o de sigilo funcional qualificada. A den\u00fancia apontava que ele solicitou vantagem indevida a advogadas criminalistas em troca de informa\u00e7\u00f5es sigilosas e revelou a exist\u00eancia de uma opera\u00e7\u00e3o policial, o que resultou na fuga de um dos alvos.<\/p>\n<p>Na senten\u00e7a, a Justi\u00e7a potiguar destacou que \u201cas condutas do r\u00e9u foram claramente com intuitos criminosos, oferecendo-se informa\u00e7\u00f5es sigilosas na clara inten\u00e7\u00e3o de se obter dinheiro em troca\u201d.<br \/>Ainda na senten\u00e7a, foi destacado que \u201co r\u00e9u violou seu dever funcional e a confian\u00e7a que lhe foi depositada ao utilizar informa\u00e7\u00f5es sigilosas para benef\u00edcio pr\u00f3prio\u201d.\n<\/p>\n<p>Al\u00e9m da pena de reclus\u00e3o, Dhayme Ara\u00fajo da Silva tamb\u00e9m foi condenado \u00e0 perda do cargo de agente penitenci\u00e1rio. A Justi\u00e7a considerou que \u201c\u00e9 inconceb\u00edvel a continuidade do r\u00e9u na condi\u00e7\u00e3o de agente penitenci\u00e1rio, tendo em vista a gravidade dos crimes praticados\u201d.\n<\/p>\n<p>A senten\u00e7a ainda determinou o pagamento das custas processuais e a destina\u00e7\u00e3o dos bens apreendidos em favor da Uni\u00e3o. O MPRN atuou no caso por meio da 46\u00aa Promotoria de Justi\u00e7a de Natal e do grupo de Atua\u00e7\u00e3o Especial de Combate ao Crime Organizado (Gaeco).\n<\/p>\n<p>Fonte: Portal Grande Ponto <\/p>\n<\/div>\n<div class=\"row mt-3\">\n<div class=\"col-sm-6\">\n<p><a href=\"https:\/\/chat.whatsapp.com\/J6hwSKYns5B0XFowx2wZ0P\" target=\"_blank\" rel=\"noopener\"><br \/>\n<img decoding=\"async\" src=\"https:\/\/diariodobrasilnoticias.com.br\/assets-site\/images\/bot_whatsapp.png\"\/><\/a>\n<\/div>\n<div class=\"col-sm-6\">\n<a href=\"https:\/\/t.me\/+_4gTmi5LKo03OTM5\" target=\"_blank\" rel=\"noopener\"><br \/>\n<img decoding=\"async\" src=\"https:\/\/diariodobrasilnoticias.com.br\/assets-site\/images\/bot_telegram.png\"\/><\/a>\n<\/div>\n<\/div>\n<\/div>\n<p><br \/>\n<br \/><a href=\"https:\/\/diariodobrasilnoticias.com.br\/noticia\/ex-coordenador-de-presidio-do-rn-e-condenado-por-corrupcao-passiva-e-quebra-de-sigilo-funcional-67057f44dca83\">Source link <\/a><\/p>","protected":false},"excerpt":{"rendered":"<p>Cr\u00e9ditos: Reprodu\u00e7\u00e3o\/MPRN O Minist\u00e9rio P\u00fablico do Rio Grande do Norte (MPRN) obteve a condena\u00e7\u00e3o do ex-policial penal Dhayme Ara\u00fajo da Silva a uma pena total de 8 anos e 5&hellip;<\/p>","protected":false},"author":1,"featured_media":46240,"comment_status":"closed","ping_status":"open","sticky":false,"template":"","format":"standard","meta":{"content-type":"","footnotes":""},"categories":[16],"tags":[123,2448,5313,1267],"class_list":["post-46239","post","type-post","status-publish","format-standard","has-post-thumbnail","hentry","category-noticias","tag-brasil","tag-diario","tag-noticia","tag-noticias"],"_links":{"self":[{"href":"https:\/\/tvbrazilusa.com\/pt\/wp-json\/wp\/v2\/posts\/46239","targetHints":{"allow":["GET"]}}],"collection":[{"href":"https:\/\/tvbrazilusa.com\/pt\/wp-json\/wp\/v2\/posts"}],"about":[{"href":"https:\/\/tvbrazilusa.com\/pt\/wp-json\/wp\/v2\/types\/post"}],"author":[{"embeddable":true,"href":"https:\/\/tvbrazilusa.com\/pt\/wp-json\/wp\/v2\/users\/1"}],"replies":[{"embeddable":true,"href":"https:\/\/tvbrazilusa.com\/pt\/wp-json\/wp\/v2\/comments?post=46239"}],"version-history":[{"count":1,"href":"https:\/\/tvbrazilusa.com\/pt\/wp-json\/wp\/v2\/posts\/46239\/revisions"}],"predecessor-version":[{"id":46241,"href":"https:\/\/tvbrazilusa.com\/pt\/wp-json\/wp\/v2\/posts\/46239\/revisions\/46241"}],"wp:featuredmedia":[{"embeddable":true,"href":"https:\/\/tvbrazilusa.com\/pt\/wp-json\/wp\/v2\/media\/46240"}],"wp:attachment":[{"href":"https:\/\/tvbrazilusa.com\/pt\/wp-json\/wp\/v2\/media?parent=46239"}],"wp:term":[{"taxonomy":"category","embeddable":true,"href":"https:\/\/tvbrazilusa.com\/pt\/wp-json\/wp\/v2\/categories?post=46239"},{"taxonomy":"post_tag","embeddable":true,"href":"https:\/\/tvbrazilusa.com\/pt\/wp-json\/wp\/v2\/tags?post=46239"}],"curies":[{"name":"wp","href":"https:\/\/api.w.org\/{rel}","templated":true}]}}