{"id":46244,"date":"2024-10-08T21:34:27","date_gmt":"2024-10-08T21:34:27","guid":{"rendered":"https:\/\/tvbrazilusa.com\/2024\/10\/08\/solteiro-docinho-coracao-de-papel-confira-os-nomes-inusitados-utilizados-nas-urnas-por-candidatos-a-vereador-no-rn\/"},"modified":"2024-10-08T21:34:28","modified_gmt":"2024-10-08T21:34:28","slug":"solteiro-docinho-coracao-de-papel-confira-os-nomes-inusitados-utilizados-nas-urnas-por-candidatos-a-vereador-no-rn","status":"publish","type":"post","link":"https:\/\/tvbrazilusa.com\/pt\/2024\/10\/08\/solteiro-docinho-coracao-de-papel-confira-os-nomes-inusitados-utilizados-nas-urnas-por-candidatos-a-vereador-no-rn\/","title":{"rendered":"&#8216;Solteiro&#8217;, &#8216;Docinho&#8217;, &#8216;Cora\u00e7\u00e3o de Papel&#8217;: confira os nomes inusitados utilizados nas urnas por candidatos a vereador no RN."},"content":{"rendered":"<p> <script async src=\"https:\/\/pagead2.googlesyndication.com\/pagead\/js\/adsbygoogle.js?client=ca-pub-8864793242727901\"\r\n     crossorigin=\"anonymous\"><\/script><br \/>\n<\/p>\n<div id=\"taboola-read-more\" style=\"display:block; width:100%\">\n<p>Solteiro pode at\u00e9 ser um estado civil, mas nas elei\u00e7\u00f5es municipais de 2024 foi um dos nomes inusitados escolhidos por candidatos para serem usados nas urnas do Rio Grande do Norte.\n<\/p>\n<p>O &#8216;Solteiro&#8217; na verdade \u00e9 Joseni Santos de Medeiros, de 38 anos, candidato a vereador pelo PP em S\u00e3o Jos\u00e9 do Serid\u00f3, que \u00e9 casado. Com o nome curioso na urna, ele recebeu 280 votos e foi eleito.<\/p>\n<p>J\u00e1 o &#8216;Cora\u00e7\u00e3o de Papel&#8217; ou Jos\u00e9 Dantas da Silva, de 60 anos, teve 16 votos e n\u00e3o conseguiu se eleger.\n<\/p>\n<p>No \u00faltimo domingo (6) oe eleitores escolheram os parlamentares que ocupar\u00e3o as cadeiras de cada C\u00e2mara Municipal nos pr\u00f3ximos quatro anos.\n<\/p>\n<p>De acordo com as normas eleitorais, o nome que aparecer\u00e1 na urna eletr\u00f4nica deve ter no m\u00e1ximo 30 caracteres. Os candidatos podem optar por utilizar o prenome, sobrenome, cognome, nome abreviado, apelido ou qualquer outra designa\u00e7\u00e3o pela qual sejam mais conhecidos.\n<\/p>\n<p>No entanto, \u00e9 necess\u00e1rio que essa escolha n\u00e3o contrarie normas de decoro e n\u00e3o seja considerada rid\u00edcula ou irreverente.\n<\/p>\n<p><strong>Confira outros nomes curiosos de candidatos no RN:<\/strong>\n<\/p>\n<p>Cora\u00e7\u00e3o de Papel (PP) &#8211; 16 votos<br \/>Docinho (PP) &#8211; 10 votos<br \/>Brechinha da Padaria (PODE) &#8211; 464 votos<br \/>MC Priguissa (Avante) &#8211; 100 votos<br \/>Rei Pop (PSD) &#8211; 48 votos<br \/>Gordinho do Macarr\u00e3o (MDB) &#8211; 523 votos<br \/>Bem (Solidariedade) &#8211; 155 votos<br \/>Cap Brutinho (Uni\u00e3o) &#8211; 70 votos<br \/>Tantas Emo\u00e7\u00f5es (PRTB) &#8211; 65 votos<br \/>Yza Rainha do Carnaval (DC) &#8211; 12 votos<br \/>Farofa (PT) &#8211; 10 votos<br \/>O M\u00f4co (PL) &#8211; 42 votos<br \/>Querida (PSOL) &#8211; 8 votos<br \/>Z\u00e9 de Bolinha (PT) &#8211; 62 votos\n<\/p>\n<p><em>Com informa\u00e7\u00f5es do G1 RN<\/em> <\/p>\n<\/div>\n<p><br \/>\n<br \/><a href=\"https:\/\/diariodobrasilnoticias.com.br\/noticia\/-solteiro-docinho-coracao-de-papel-confira-os-nomes-inusitados-utilizados-nas-urnas-por-candidatos-a-vereador-no-rn-67057de92e10a\">Source link <\/a><\/p>","protected":false},"excerpt":{"rendered":"<p>Solteiro pode at\u00e9 ser um estado civil, mas nas elei\u00e7\u00f5es municipais de 2024 foi um dos nomes inusitados escolhidos por candidatos para serem usados nas urnas do Rio Grande do&hellip;<\/p>","protected":false},"author":1,"featured_media":46245,"comment_status":"closed","ping_status":"open","sticky":false,"template":"","format":"standard","meta":{"content-type":"","footnotes":""},"categories":[16],"tags":[123,2448,5313,1267],"class_list":["post-46244","post","type-post","status-publish","format-standard","has-post-thumbnail","hentry","category-noticias","tag-brasil","tag-diario","tag-noticia","tag-noticias"],"_links":{"self":[{"href":"https:\/\/tvbrazilusa.com\/pt\/wp-json\/wp\/v2\/posts\/46244","targetHints":{"allow":["GET"]}}],"collection":[{"href":"https:\/\/tvbrazilusa.com\/pt\/wp-json\/wp\/v2\/posts"}],"about":[{"href":"https:\/\/tvbrazilusa.com\/pt\/wp-json\/wp\/v2\/types\/post"}],"author":[{"embeddable":true,"href":"https:\/\/tvbrazilusa.com\/pt\/wp-json\/wp\/v2\/users\/1"}],"replies":[{"embeddable":true,"href":"https:\/\/tvbrazilusa.com\/pt\/wp-json\/wp\/v2\/comments?post=46244"}],"version-history":[{"count":1,"href":"https:\/\/tvbrazilusa.com\/pt\/wp-json\/wp\/v2\/posts\/46244\/revisions"}],"predecessor-version":[{"id":46246,"href":"https:\/\/tvbrazilusa.com\/pt\/wp-json\/wp\/v2\/posts\/46244\/revisions\/46246"}],"wp:featuredmedia":[{"embeddable":true,"href":"https:\/\/tvbrazilusa.com\/pt\/wp-json\/wp\/v2\/media\/46245"}],"wp:attachment":[{"href":"https:\/\/tvbrazilusa.com\/pt\/wp-json\/wp\/v2\/media?parent=46244"}],"wp:term":[{"taxonomy":"category","embeddable":true,"href":"https:\/\/tvbrazilusa.com\/pt\/wp-json\/wp\/v2\/categories?post=46244"},{"taxonomy":"post_tag","embeddable":true,"href":"https:\/\/tvbrazilusa.com\/pt\/wp-json\/wp\/v2\/tags?post=46244"}],"curies":[{"name":"wp","href":"https:\/\/api.w.org\/{rel}","templated":true}]}}