{"id":46252,"date":"2024-10-08T21:49:51","date_gmt":"2024-10-08T21:49:51","guid":{"rendered":"https:\/\/tvbrazilusa.com\/2024\/10\/08\/ajuste-seus-retrovisores-a-nova-lei-ja-e-obrigatoria\/"},"modified":"2024-10-08T21:49:52","modified_gmt":"2024-10-08T21:49:52","slug":"ajuste-seus-retrovisores-a-nova-lei-ja-e-obrigatoria","status":"publish","type":"post","link":"https:\/\/tvbrazilusa.com\/pt\/2024\/10\/08\/ajuste-seus-retrovisores-a-nova-lei-ja-e-obrigatoria\/","title":{"rendered":"Ajuste seus retrovisores: a nova lei j\u00e1 \u00e9 obrigat\u00f3ria"},"content":{"rendered":"<p> <script async src=\"https:\/\/pagead2.googlesyndication.com\/pagead\/js\/adsbygoogle.js?client=ca-pub-8864793242727901\"\r\n     crossorigin=\"anonymous\"><\/script><br \/>\n<br \/>A seguran\u00e7a dos estudantes no transporte escolar sempre foi um tema de extrema import\u00e2ncia.<br \/>\n<br \/><br \/>\n<br \/><a href=\"https:\/\/diariodobrasilnoticias.com.br\/noticia\/ajuste-seus-retrovisores-a-nova-lei-ja-e-obrigatoria-67058664cf26c\">Source link <\/a><\/p>","protected":false},"excerpt":{"rendered":"<p>A seguran\u00e7a dos estudantes no transporte escolar sempre foi um tema de extrema import\u00e2ncia. Source link<\/p>","protected":false},"author":1,"featured_media":46253,"comment_status":"closed","ping_status":"open","sticky":false,"template":"","format":"standard","meta":{"content-type":"","footnotes":""},"categories":[16],"tags":[123,2448,5313,1267],"class_list":["post-46252","post","type-post","status-publish","format-standard","has-post-thumbnail","hentry","category-noticias","tag-brasil","tag-diario","tag-noticia","tag-noticias"],"_links":{"self":[{"href":"https:\/\/tvbrazilusa.com\/pt\/wp-json\/wp\/v2\/posts\/46252","targetHints":{"allow":["GET"]}}],"collection":[{"href":"https:\/\/tvbrazilusa.com\/pt\/wp-json\/wp\/v2\/posts"}],"about":[{"href":"https:\/\/tvbrazilusa.com\/pt\/wp-json\/wp\/v2\/types\/post"}],"author":[{"embeddable":true,"href":"https:\/\/tvbrazilusa.com\/pt\/wp-json\/wp\/v2\/users\/1"}],"replies":[{"embeddable":true,"href":"https:\/\/tvbrazilusa.com\/pt\/wp-json\/wp\/v2\/comments?post=46252"}],"version-history":[{"count":1,"href":"https:\/\/tvbrazilusa.com\/pt\/wp-json\/wp\/v2\/posts\/46252\/revisions"}],"predecessor-version":[{"id":46254,"href":"https:\/\/tvbrazilusa.com\/pt\/wp-json\/wp\/v2\/posts\/46252\/revisions\/46254"}],"wp:featuredmedia":[{"embeddable":true,"href":"https:\/\/tvbrazilusa.com\/pt\/wp-json\/wp\/v2\/media\/46253"}],"wp:attachment":[{"href":"https:\/\/tvbrazilusa.com\/pt\/wp-json\/wp\/v2\/media?parent=46252"}],"wp:term":[{"taxonomy":"category","embeddable":true,"href":"https:\/\/tvbrazilusa.com\/pt\/wp-json\/wp\/v2\/categories?post=46252"},{"taxonomy":"post_tag","embeddable":true,"href":"https:\/\/tvbrazilusa.com\/pt\/wp-json\/wp\/v2\/tags?post=46252"}],"curies":[{"name":"wp","href":"https:\/\/api.w.org\/{rel}","templated":true}]}}