{"id":46260,"date":"2024-10-08T22:02:06","date_gmt":"2024-10-08T22:02:06","guid":{"rendered":"https:\/\/tvbrazilusa.com\/2024\/10\/08\/vereador-falece-poucos-minutos-apos-ser-reeleito\/"},"modified":"2024-10-08T22:02:08","modified_gmt":"2024-10-08T22:02:08","slug":"vereador-falece-poucos-minutos-apos-ser-reeleito","status":"publish","type":"post","link":"https:\/\/tvbrazilusa.com\/pt\/2024\/10\/08\/vereador-falece-poucos-minutos-apos-ser-reeleito\/","title":{"rendered":"Vereador falece poucos minutos ap\u00f3s ser reeleito"},"content":{"rendered":"<p> <script async src=\"https:\/\/pagead2.googlesyndication.com\/pagead\/js\/adsbygoogle.js?client=ca-pub-8864793242727901\"\r\n     crossorigin=\"anonymous\"><\/script><br \/>\n<\/p>\n<div>\n<figure class=\"post-image\">\n<\/figure>\n<p><span style=\"font-size: 12px\">Reprodu\u00e7\u00e3o<\/span><\/p>\n<div id=\"taboola-read-more\" style=\"display:block; width:100%\">\n<p>O vereador Geraldo Corado (MDB), de Sebasti\u00e3o Barros (PI), morreu poucos minutos ap\u00f3s a apura\u00e7\u00e3o dos votos e n\u00e3o viu o momento em que saiu o resultado da reelei\u00e7\u00e3o dele, nesse domingo (6\/10).\n<\/p>\n<p>Corado sofreu um infarto enquanto voltava de Corrente (PI). Ele recebeu 289 votos, sendo o segundo vereador mais bem votado de Sebasti\u00e3o Barros, que tem pouco mais de 3 mil habitantes. A cidade fica a 915 quil\u00f4metros de dist\u00e2ncia de Teresina, capital do Piau\u00ed.<\/p>\n<p>A C\u00e2mara Municipal de Sebasti\u00e3o Barros lamentou a morte do vereador. \u201cGeraldo era professor, vereador de mandato e foi reeleito a pouco minutos antes do falecimento. Minhas mais sinceras condol\u00eancias \u00e0 fam\u00edlia e amigos, desejando que encontrem conforto nas boas lembran\u00e7as\u201d, declarou o \u00f3rg\u00e3o em nota.\n<\/p>\n<p>Corado era amigo do governador do Distrito Federal, Ibaneis Rocha (MDB). Os dois se encontravam com frequ\u00eancia na fazenda de Ibaneis, que fica em Corrente. O governador lamentou a morte do vereador.\n<\/p>\n<p><em>Com informa\u00e7\u00f5es do Metr\u00f3poles<\/em> <\/p>\n<\/div>\n<div class=\"row mt-3\">\n<div class=\"col-sm-6\">\n<p><a href=\"https:\/\/chat.whatsapp.com\/J6hwSKYns5B0XFowx2wZ0P\" target=\"_blank\" rel=\"noopener\"><br \/>\n<img decoding=\"async\" src=\"https:\/\/diariodobrasilnoticias.com.br\/assets-site\/images\/bot_whatsapp.png\"\/><\/a>\n<\/div>\n<div class=\"col-sm-6\">\n<a href=\"https:\/\/t.me\/+_4gTmi5LKo03OTM5\" target=\"_blank\" rel=\"noopener\"><br \/>\n<img decoding=\"async\" src=\"https:\/\/diariodobrasilnoticias.com.br\/assets-site\/images\/bot_telegram.png\"\/><\/a>\n<\/div>\n<\/div>\n<\/div>\n<p><br \/>\n<br \/><a href=\"https:\/\/diariodobrasilnoticias.com.br\/noticia\/vereador-falece-poucos-minutos-apos-ser-reeleito-670587df7a8ec\">Source link <\/a><\/p>","protected":false},"excerpt":{"rendered":"<p>Reprodu\u00e7\u00e3o O vereador Geraldo Corado (MDB), de Sebasti\u00e3o Barros (PI), morreu poucos minutos ap\u00f3s a apura\u00e7\u00e3o dos votos e n\u00e3o viu o momento em que saiu o resultado da reelei\u00e7\u00e3o&hellip;<\/p>","protected":false},"author":1,"featured_media":46261,"comment_status":"closed","ping_status":"open","sticky":false,"template":"","format":"standard","meta":{"content-type":"","footnotes":""},"categories":[16],"tags":[123,2448,5313,1267],"class_list":["post-46260","post","type-post","status-publish","format-standard","has-post-thumbnail","hentry","category-noticias","tag-brasil","tag-diario","tag-noticia","tag-noticias"],"_links":{"self":[{"href":"https:\/\/tvbrazilusa.com\/pt\/wp-json\/wp\/v2\/posts\/46260","targetHints":{"allow":["GET"]}}],"collection":[{"href":"https:\/\/tvbrazilusa.com\/pt\/wp-json\/wp\/v2\/posts"}],"about":[{"href":"https:\/\/tvbrazilusa.com\/pt\/wp-json\/wp\/v2\/types\/post"}],"author":[{"embeddable":true,"href":"https:\/\/tvbrazilusa.com\/pt\/wp-json\/wp\/v2\/users\/1"}],"replies":[{"embeddable":true,"href":"https:\/\/tvbrazilusa.com\/pt\/wp-json\/wp\/v2\/comments?post=46260"}],"version-history":[{"count":1,"href":"https:\/\/tvbrazilusa.com\/pt\/wp-json\/wp\/v2\/posts\/46260\/revisions"}],"predecessor-version":[{"id":46262,"href":"https:\/\/tvbrazilusa.com\/pt\/wp-json\/wp\/v2\/posts\/46260\/revisions\/46262"}],"wp:featuredmedia":[{"embeddable":true,"href":"https:\/\/tvbrazilusa.com\/pt\/wp-json\/wp\/v2\/media\/46261"}],"wp:attachment":[{"href":"https:\/\/tvbrazilusa.com\/pt\/wp-json\/wp\/v2\/media?parent=46260"}],"wp:term":[{"taxonomy":"category","embeddable":true,"href":"https:\/\/tvbrazilusa.com\/pt\/wp-json\/wp\/v2\/categories?post=46260"},{"taxonomy":"post_tag","embeddable":true,"href":"https:\/\/tvbrazilusa.com\/pt\/wp-json\/wp\/v2\/tags?post=46260"}],"curies":[{"name":"wp","href":"https:\/\/api.w.org\/{rel}","templated":true}]}}