{"id":4630,"date":"2024-07-20T17:16:05","date_gmt":"2024-07-20T17:16:05","guid":{"rendered":"https:\/\/tvbrazilusa.com\/2024\/07\/20\/dnc-avanca-com-a-nomeacao-de-biden-apesar-das-preocupacoes-dos-democratas-paulo-figueiredo\/"},"modified":"2024-07-20T17:16:56","modified_gmt":"2024-07-20T17:16:56","slug":"dnc-avanca-com-a-nomeacao-de-biden-apesar-das-preocupacoes-dos-democratas-paulo-figueiredo","status":"publish","type":"post","link":"https:\/\/tvbrazilusa.com\/pt\/2024\/07\/20\/dnc-avanca-com-a-nomeacao-de-biden-apesar-das-preocupacoes-dos-democratas-paulo-figueiredo\/","title":{"rendered":"DNC avan\u00e7a com a nomea\u00e7\u00e3o de Biden, apesar das preocupa\u00e7\u00f5es dos democratas &#8211; Paulo Figueiredo"},"content":{"rendered":"<p> <script async src=\"https:\/\/pagead2.googlesyndication.com\/pagead\/js\/adsbygoogle.js?client=ca-pub-8864793242727901\"\r\n     crossorigin=\"anonymous\"><\/script><br \/>\n<\/p>\n<div id=\"wtr-content\" data-bg=\"#FFFFFF\" data-fg=\"#006d91\" data-width=\"25\" data-mute=\"1\" data-fgopacity=\"1.00\" data-mutedopacity=\"0.5\" data-placement=\"bottom\" data-placement-offset=\"0\" data-content-offset=\"262\" data-placement-touch=\"bottom\" data-placement-offset-touch=\"0\" data-transparent=\"\" data-shadow=\"0\" data-touch=\"1\" data-non-touch=\"1\" data-comments=\"0\" data-commentsbg=\"transparent\" data-location=\"page\" data-mutedfg=\"#006d91\" data-endfg=\"#006d91\" data-rtl=\"\">\n<pre class=\"wp-block-preformatted has-small-font-size\">Foto - AFP via Getty Images<\/pre>\n<h3 class=\"wp-block-heading\">Em uma reuni\u00e3o do Comit\u00ea de Regras na sexta-feira, o partido afirmou que o presidente Biden seria formalmente nomeado candidato \u00e0 presid\u00eancia.<\/h3>\n<p>O Comit\u00ea Nacional Democrata (DNC) est\u00e1 planejando seguir adiante com a nomea\u00e7\u00e3o do presidente Biden para a Casa Branca, apesar de um grupo de democratas estar clamando por um novo candidato.<\/p>\n<p>O presidente Biden ser\u00e1 formalmente nomeado como candidato do partido em uma vota\u00e7\u00e3o antecipada entre 1\u00ba e 7 de agosto, confirmou o Comit\u00ea de Regras do DNC na sexta-feira, de acordo com a CBS News.<\/p>\n<p>\u201cGra\u00e7as a cada um de voc\u00eas, vamos renomear o presidente Biden e a vice-presidente [Kamala] Harris,\u201d disse Jamie Harrison, chefe do DNC, que continua sendo um forte apoiador da chapa Biden-Harris.<\/p>\n<p>A vit\u00f3ria de Biden em uma vota\u00e7\u00e3o planejada \u00e9 praticamente garantida. Para ganhar a nomea\u00e7\u00e3o, um candidato presidencial democrata deve garantir a maioria dos delegados comprometidos na primeira rodada de vota\u00e7\u00e3o \u2014 mais de 1.900.<\/p>\n<p>O presidente em exerc\u00edcio, que dominou as prim\u00e1rias presidenciais democratas deste ano na aus\u00eancia de um desafiante s\u00e9rio, possui quase 3.900 delegados comprometidos.<\/p>\n<p>Quando questionada sobre a possibilidade de outro candidato desafiar, a co-presidente do DNC, Leah Daughtry, disse que \u201cqualquer desafiante precisaria do apoio verificado de centenas de delegados\u201d, informou a BBC.<\/p>\n<p>O forte apoio de Harrison veio enquanto um coro crescente de l\u00edderes do Partido Democrata tem chamado publicamente Biden para sair da corrida.<\/p>\n<p>Nos bastidores, figuras importantes do partido, como o ex-presidente Barack Obama, a ex-presidente da C\u00e2mara, Nancy Pelosi, e o senador de Nova York, Chuck Schumer, teriam aconselhado Biden, 81, a desistir \u2014 algo que tem deixado Biden cada vez mais amargurado.<\/p>\n<p>\u201cPodemos todos lembrar por um minuto que essas mesmas pessoas que est\u00e3o tentando empurrar Joe Biden para fora s\u00e3o as mesmas que literalmente nos deram Donald Trump?\u201d reclamou uma fonte pr\u00f3xima a Biden \u00e0 NBC News.<\/p>\n<p>Biden, recuperando-se de sua terceira batalha contra o coronav\u00edrus em sua casa de praia em Delaware, continua publicamente comprometido em permanecer na corrida e anunciou planos para retomar a campanha na pr\u00f3xima semana.<\/p>\n<p><strong><a href=\"https:\/\/nypost.com\/2024\/07\/20\/us-news\/dnc-moving-ahead-with-biden-nomination-despite-democratic-concerns\/\">Source link<\/a><\/strong><\/p>\n<\/div>\n<p><br \/>\n<br \/><a href=\"https:\/\/paulofigueiredoshow.com\/dnc-avanca-com-a-nomeacao-de-biden-apesar-das-preocupacoes-dos-democratas\/\">Source link <\/a><\/p>","protected":false},"excerpt":{"rendered":"<p>Foto &#8211; AFP via Getty Images Em uma reuni\u00e3o do Comit\u00ea de Regras na sexta-feira, o partido afirmou que o presidente Biden seria formalmente nomeado candidato \u00e0 presid\u00eancia. O Comit\u00ea&hellip;<\/p>","protected":false},"author":1,"featured_media":4631,"comment_status":"closed","ping_status":"open","sticky":false,"template":"","format":"standard","meta":{"content-type":"","footnotes":""},"categories":[16],"tags":[],"class_list":["post-4630","post","type-post","status-publish","format-standard","has-post-thumbnail","hentry","category-noticias"],"_links":{"self":[{"href":"https:\/\/tvbrazilusa.com\/pt\/wp-json\/wp\/v2\/posts\/4630","targetHints":{"allow":["GET"]}}],"collection":[{"href":"https:\/\/tvbrazilusa.com\/pt\/wp-json\/wp\/v2\/posts"}],"about":[{"href":"https:\/\/tvbrazilusa.com\/pt\/wp-json\/wp\/v2\/types\/post"}],"author":[{"embeddable":true,"href":"https:\/\/tvbrazilusa.com\/pt\/wp-json\/wp\/v2\/users\/1"}],"replies":[{"embeddable":true,"href":"https:\/\/tvbrazilusa.com\/pt\/wp-json\/wp\/v2\/comments?post=4630"}],"version-history":[{"count":1,"href":"https:\/\/tvbrazilusa.com\/pt\/wp-json\/wp\/v2\/posts\/4630\/revisions"}],"predecessor-version":[{"id":4632,"href":"https:\/\/tvbrazilusa.com\/pt\/wp-json\/wp\/v2\/posts\/4630\/revisions\/4632"}],"wp:featuredmedia":[{"embeddable":true,"href":"https:\/\/tvbrazilusa.com\/pt\/wp-json\/wp\/v2\/media\/4631"}],"wp:attachment":[{"href":"https:\/\/tvbrazilusa.com\/pt\/wp-json\/wp\/v2\/media?parent=4630"}],"wp:term":[{"taxonomy":"category","embeddable":true,"href":"https:\/\/tvbrazilusa.com\/pt\/wp-json\/wp\/v2\/categories?post=4630"},{"taxonomy":"post_tag","embeddable":true,"href":"https:\/\/tvbrazilusa.com\/pt\/wp-json\/wp\/v2\/tags?post=4630"}],"curies":[{"name":"wp","href":"https:\/\/api.w.org\/{rel}","templated":true}]}}