{"id":46313,"date":"2024-10-09T00:56:55","date_gmt":"2024-10-09T00:56:55","guid":{"rendered":"https:\/\/tvbrazilusa.com\/2024\/10\/09\/a-record-tera-que-recontratar-arnaldo-duran-e-pagar-uma-indenizacao-entenda\/"},"modified":"2024-10-09T00:56:56","modified_gmt":"2024-10-09T00:56:56","slug":"a-record-tera-que-recontratar-arnaldo-duran-e-pagar-uma-indenizacao-entenda","status":"publish","type":"post","link":"https:\/\/tvbrazilusa.com\/pt\/2024\/10\/09\/a-record-tera-que-recontratar-arnaldo-duran-e-pagar-uma-indenizacao-entenda\/","title":{"rendered":"A Record ter\u00e1 que recontratar Arnaldo Duran e pagar uma indeniza\u00e7\u00e3o; entenda."},"content":{"rendered":"<p> <script async src=\"https:\/\/pagead2.googlesyndication.com\/pagead\/js\/adsbygoogle.js?client=ca-pub-8864793242727901\"\r\n     crossorigin=\"anonymous\"><\/script><br \/>\n<\/p>\n<div>\n<figure class=\"post-image\">\n<\/figure>\n<p><span style=\"font-size: 12px\">Foto: Reprodu\u00e7\u00e3o\/Record \/ M\u00e1rcia Piovesan<\/span><\/p>\n<div id=\"taboola-read-more\" style=\"display:block; width:100%\">\n<p>Ap\u00f3s ser demitido da Record TV em dezembro de 2023, Arnaldo Duran deve voltar para a emissora ap\u00f3s decis\u00e3o da Justi\u00e7a. O ex-contratado venceu a disputa contra o canal de Edir Macedo e ainda receber\u00e1 uma indeniza\u00e7\u00e3o de R$ 400 mil, como multa por danos morais e demiss\u00e3o discriminat\u00f3ria.\n<\/p>\n<p>Segundo o portal Terra, Duran foi diagnosticado com a s\u00edndrome de Machado-Joseph, que afeta o sistema neurol\u00f3gico e provoca espasmo no corpo. De acordo com as informa\u00e7\u00f5es, a condi\u00e7\u00e3o pode ser confundida com Mal de Parkinson e embriaguez.<\/p>\n<p>No processo de demiss\u00e3o, a empresa n\u00e3o apresentou provas que comprovasse que a dispensa n\u00e3o foi por conta da sa\u00fade do profissional. Apesar de alegarem que a dispensa foi por &#8216;quest\u00f5es financeiras&#8217;, sem as provas a Justi\u00e7a concluiu o processo como discriminat\u00f3rio.\n<\/p>\n<p>Mais valores<br \/>Al\u00e9m do valor da multa, Arnaldo Duran tamb\u00e9m receber\u00e1 todo o valor referente aos seus direitos trabalhistas pelo tempo de servi\u00e7o na empresa, de 2006 a 2018, per\u00edodo em que ele foi contratado como PJ, mas preenchia os requisitos da CLT.\n<\/p>\n<p>Fonte: Reda\u00e7\u00e3o Terra\n<\/p>\n<\/div>\n<div class=\"row mt-3\">\n<div class=\"col-sm-6\">\n<p><a href=\"https:\/\/chat.whatsapp.com\/J6hwSKYns5B0XFowx2wZ0P\" target=\"_blank\" rel=\"noopener\"><br \/>\n<img decoding=\"async\" src=\"https:\/\/diariodobrasilnoticias.com.br\/assets-site\/images\/bot_whatsapp.png\"\/><\/a>\n<\/div>\n<div class=\"col-sm-6\">\n<a href=\"https:\/\/t.me\/+_4gTmi5LKo03OTM5\" target=\"_blank\" rel=\"noopener\"><br \/>\n<img decoding=\"async\" src=\"https:\/\/diariodobrasilnoticias.com.br\/assets-site\/images\/bot_telegram.png\"\/><\/a>\n<\/div>\n<\/div>\n<\/div>\n<p><br \/>\n<br \/><a href=\"https:\/\/diariodobrasilnoticias.com.br\/noticia\/a-record-tera-que-recontratar-arnaldo-duran-e-pagar-uma-indenizacao-entenda-6705b372230af\">Source link <\/a><\/p>","protected":false},"excerpt":{"rendered":"<p>Foto: Reprodu\u00e7\u00e3o\/Record \/ M\u00e1rcia Piovesan Ap\u00f3s ser demitido da Record TV em dezembro de 2023, Arnaldo Duran deve voltar para a emissora ap\u00f3s decis\u00e3o da Justi\u00e7a. O ex-contratado venceu a&hellip;<\/p>","protected":false},"author":1,"featured_media":46314,"comment_status":"closed","ping_status":"open","sticky":false,"template":"","format":"standard","meta":{"content-type":"","footnotes":""},"categories":[16],"tags":[123,2448,5313,1267],"class_list":["post-46313","post","type-post","status-publish","format-standard","has-post-thumbnail","hentry","category-noticias","tag-brasil","tag-diario","tag-noticia","tag-noticias"],"_links":{"self":[{"href":"https:\/\/tvbrazilusa.com\/pt\/wp-json\/wp\/v2\/posts\/46313","targetHints":{"allow":["GET"]}}],"collection":[{"href":"https:\/\/tvbrazilusa.com\/pt\/wp-json\/wp\/v2\/posts"}],"about":[{"href":"https:\/\/tvbrazilusa.com\/pt\/wp-json\/wp\/v2\/types\/post"}],"author":[{"embeddable":true,"href":"https:\/\/tvbrazilusa.com\/pt\/wp-json\/wp\/v2\/users\/1"}],"replies":[{"embeddable":true,"href":"https:\/\/tvbrazilusa.com\/pt\/wp-json\/wp\/v2\/comments?post=46313"}],"version-history":[{"count":1,"href":"https:\/\/tvbrazilusa.com\/pt\/wp-json\/wp\/v2\/posts\/46313\/revisions"}],"predecessor-version":[{"id":46315,"href":"https:\/\/tvbrazilusa.com\/pt\/wp-json\/wp\/v2\/posts\/46313\/revisions\/46315"}],"wp:featuredmedia":[{"embeddable":true,"href":"https:\/\/tvbrazilusa.com\/pt\/wp-json\/wp\/v2\/media\/46314"}],"wp:attachment":[{"href":"https:\/\/tvbrazilusa.com\/pt\/wp-json\/wp\/v2\/media?parent=46313"}],"wp:term":[{"taxonomy":"category","embeddable":true,"href":"https:\/\/tvbrazilusa.com\/pt\/wp-json\/wp\/v2\/categories?post=46313"},{"taxonomy":"post_tag","embeddable":true,"href":"https:\/\/tvbrazilusa.com\/pt\/wp-json\/wp\/v2\/tags?post=46313"}],"curies":[{"name":"wp","href":"https:\/\/api.w.org\/{rel}","templated":true}]}}