{"id":46344,"date":"2024-10-09T02:48:42","date_gmt":"2024-10-09T02:48:42","guid":{"rendered":"https:\/\/tvbrazilusa.com\/2024\/10\/09\/crianca-fica-cega-apos-consumir-alimentos-ultraprocessados\/"},"modified":"2024-10-09T02:48:43","modified_gmt":"2024-10-09T02:48:43","slug":"crianca-fica-cega-apos-consumir-alimentos-ultraprocessados","status":"publish","type":"post","link":"https:\/\/tvbrazilusa.com\/pt\/2024\/10\/09\/crianca-fica-cega-apos-consumir-alimentos-ultraprocessados\/","title":{"rendered":"Crian\u00e7a fica cega ap\u00f3s consumir alimentos ultraprocessados"},"content":{"rendered":"<p> <script async src=\"https:\/\/pagead2.googlesyndication.com\/pagead\/js\/adsbygoogle.js?client=ca-pub-8864793242727901\"\r\n     crossorigin=\"anonymous\"><\/script><br \/>\n<\/p>\n<div id=\"taboola-read-more\" style=\"display:block; width:100%\">\n<p>Atualmente, os alimentos ultraprocessados s\u00e3o comuns nas dietas de muitas fam\u00edlias, especialmente entre as crian\u00e7as. Esse tipo de alimenta\u00e7\u00e3o pode ser mais prejudicial do que parece, especialmente quando se trata dos h\u00e1bitos alimentares infantis. Muitas crian\u00e7as desenvolvem uma resist\u00eancia a vegetais desde cedo, o que pode ser ainda mais complicado pela falta de h\u00e1bitos alimentares saud\u00e1veis em casa.\n<\/p>\n<p>Recentemente, a situa\u00e7\u00e3o de uma menina chamada Bella revelou as graves complica\u00e7\u00f5es associadas a uma dieta baseada apenas em alimentos ultraprocessados. Bella consumia exclusivamente batatas fritas e salgadinhos por causa de uma condi\u00e7\u00e3o que a impedia de aceitar outros alimentos. Esse desafio foi intensificado pelo fato de Bella ser autista e n\u00e3o verbal, dificultando a compreens\u00e3o de suas necessidades alimentares.<\/p>\n<p><strong>Como Prevenir Problemas na Alimenta\u00e7\u00e3o Infantil?<\/strong>\n<\/p>\n<p>Aos 12 anos, Bella come\u00e7ou a manifestar sintomas graves de defici\u00eancia nutricional. Ela come\u00e7ou a esbarrar em objetos, e em um momento cr\u00edtico, foi encontrada inconsciente em casa. No hospital, os m\u00e9dicos descobriram que ela havia perdido a vis\u00e3o devido \u00e0 xeroftalmia, causada por uma severa defici\u00eancia de vitamina A, resultante de sua alimenta\u00e7\u00e3o inadequada.\n<\/p>\n<p><strong>Entendendo o Transtorno Alimentar Restritivo Evitativo (Tare)<\/strong><br \/>Bella foi diagnosticada com o Transtorno Alimentar Restritivo Evitativo (Tare), que faz com que indiv\u00edduos limitem drasticamente os tipos de alimentos que comem. Muitas vezes, os pais percebem que a crian\u00e7a est\u00e1 com um peso aparentemente normal, mas isso n\u00e3o reflete sua verdadeira sa\u00fade. Essa condi\u00e7\u00e3o pode passar despercebida por longos per\u00edodos, agravando a sa\u00fade da crian\u00e7a, como visto no caso de Bella.\n<\/p>\n<p><strong>Estrategias para o Tratamento do Tare<\/strong><br \/>No caso de crian\u00e7as com Tare, o tratamento pode incluir:\n<\/p>\n<ul>\n<li>Interven\u00e7\u00e3o nutricional para identificar a necessidade de suplementos alimentares<\/li>\n<li>Terapias comportamentais para incentivar a aceita\u00e7\u00e3o de novos alimentos;<\/li>\n<li>Monitoramento por uma equipe multidisciplinar composta por nutricionistas, psic\u00f3logos e pediatras.<\/li>\n<\/ul>\n<p>Essas a\u00e7\u00f5es s\u00e3o essenciais para reverter os efeitos delet\u00e9rios de uma dieta restrita e melhorar a qualidade de vida das crian\u00e7as. O suporte nutricional deve ser adaptado \u00e0s necessidades espec\u00edficas de cada crian\u00e7a, conforme orienta\u00e7\u00e3o de especialistas.\n<\/p>\n<p><strong>Papel do Acompanhamento Multidisciplinar para Crian\u00e7as Autistas<\/strong><br \/>Crian\u00e7as autistas podem apresentar particularidades alimentares, tornando fundamental o acompanhamento por uma equipe multidisciplinar para que defici\u00eancias nutricionais sejam identificadas cedo. Os pais devem estar atentos e buscar apoio profissional para entender melhor as necessidades alimentares de seus filhos, evitando complica\u00e7\u00f5es como as vividas por Bella.\n<\/p>\n<p>Promover a educa\u00e7\u00e3o sobre dist\u00farbios alimentares e criar h\u00e1bitos saud\u00e1veis desde a inf\u00e2ncia s\u00e3o medidas essenciais para garantir que as crian\u00e7as cres\u00e7am com uma nutri\u00e7\u00e3o adequada, prevenindo os desafios associados a dietas restritivas e pobres em nutrientes essenciais. <\/p>\n<\/div>\n<p><br \/>\n<br \/><a href=\"https:\/\/diariodobrasilnoticias.com.br\/noticia\/crianca-fica-cega-apos-consumir-alimentos-ultraprocessados-6705b950000d3\">Source link <\/a><\/p>","protected":false},"excerpt":{"rendered":"<p>Atualmente, os alimentos ultraprocessados s\u00e3o comuns nas dietas de muitas fam\u00edlias, especialmente entre as crian\u00e7as. Esse tipo de alimenta\u00e7\u00e3o pode ser mais prejudicial do que parece, especialmente quando se trata&hellip;<\/p>","protected":false},"author":1,"featured_media":46345,"comment_status":"closed","ping_status":"open","sticky":false,"template":"","format":"standard","meta":{"content-type":"","footnotes":""},"categories":[16],"tags":[123,2448,5313,1267],"class_list":["post-46344","post","type-post","status-publish","format-standard","has-post-thumbnail","hentry","category-noticias","tag-brasil","tag-diario","tag-noticia","tag-noticias"],"_links":{"self":[{"href":"https:\/\/tvbrazilusa.com\/pt\/wp-json\/wp\/v2\/posts\/46344","targetHints":{"allow":["GET"]}}],"collection":[{"href":"https:\/\/tvbrazilusa.com\/pt\/wp-json\/wp\/v2\/posts"}],"about":[{"href":"https:\/\/tvbrazilusa.com\/pt\/wp-json\/wp\/v2\/types\/post"}],"author":[{"embeddable":true,"href":"https:\/\/tvbrazilusa.com\/pt\/wp-json\/wp\/v2\/users\/1"}],"replies":[{"embeddable":true,"href":"https:\/\/tvbrazilusa.com\/pt\/wp-json\/wp\/v2\/comments?post=46344"}],"version-history":[{"count":1,"href":"https:\/\/tvbrazilusa.com\/pt\/wp-json\/wp\/v2\/posts\/46344\/revisions"}],"predecessor-version":[{"id":46346,"href":"https:\/\/tvbrazilusa.com\/pt\/wp-json\/wp\/v2\/posts\/46344\/revisions\/46346"}],"wp:featuredmedia":[{"embeddable":true,"href":"https:\/\/tvbrazilusa.com\/pt\/wp-json\/wp\/v2\/media\/46345"}],"wp:attachment":[{"href":"https:\/\/tvbrazilusa.com\/pt\/wp-json\/wp\/v2\/media?parent=46344"}],"wp:term":[{"taxonomy":"category","embeddable":true,"href":"https:\/\/tvbrazilusa.com\/pt\/wp-json\/wp\/v2\/categories?post=46344"},{"taxonomy":"post_tag","embeddable":true,"href":"https:\/\/tvbrazilusa.com\/pt\/wp-json\/wp\/v2\/tags?post=46344"}],"curies":[{"name":"wp","href":"https:\/\/api.w.org\/{rel}","templated":true}]}}