{"id":46352,"date":"2024-10-09T03:18:51","date_gmt":"2024-10-09T03:18:51","guid":{"rendered":"https:\/\/tvbrazilusa.com\/2024\/10\/09\/o-resultado-da-disputa-entre-moraes-e-o-x\/"},"modified":"2024-10-09T03:18:51","modified_gmt":"2024-10-09T03:18:51","slug":"o-resultado-da-disputa-entre-moraes-e-o-x","status":"publish","type":"post","link":"https:\/\/tvbrazilusa.com\/pt\/2024\/10\/09\/o-resultado-da-disputa-entre-moraes-e-o-x\/","title":{"rendered":"O resultado da disputa entre Moraes e o X."},"content":{"rendered":"<p> <script async src=\"https:\/\/pagead2.googlesyndication.com\/pagead\/js\/adsbygoogle.js?client=ca-pub-8864793242727901\"\r\n     crossorigin=\"anonymous\"><\/script><br \/>\n<\/p>\n<div id=\"taboola-read-more\" style=\"display:block; width:100%\">\n<p>Oministro do STF Alexandre de Moraes autorizou a rede X a voltar a funcionar no Brasil nesta ter\u00e7a, 8.\n<\/p>\n<p>O fim da censura deixa duas consequ\u00eancias. A primeira \u00e9 a inseguran\u00e7a jur\u00eddica. A segunda \u00e9 uma disposi\u00e7\u00e3o maior do Congresso em conter os abusos do Judici\u00e1rio.<\/p>\n<p>\u201cA decis\u00e3o do ministro Alexandre de Moraes, embora tenha resolvido a quest\u00e3o do pagamento das multas pela plataforma X, deixou importantes lacunas em termos de seguran\u00e7a jur\u00eddica, proporcionalidade das san\u00e7\u00f5es e respeito ao contradit\u00f3rio. Essas falhas n\u00e3o apenas impactam as partes diretamente envolvidas, mas tamb\u00e9m t\u00eam implica\u00e7\u00f5es mais amplas, afetando o clima de neg\u00f3cios no Brasil. A decis\u00e3o levanta quest\u00f5es cruciais sobre o papel do Judici\u00e1rio na regula\u00e7\u00e3o de grandes empresas, especialmente as que atuam no setor de tecnologia\u201c, diz o advogado Kevini de Sousa, especialista em direito digital.\n<\/p>\n<p>\u201cCom o retorno da plataforma X ao Brasil, o saldo final \u00e9 amb\u00edguo. Se, por um lado, o Poder Judici\u00e1rio reafirmou sua autoridade, por outro, o processo foi marcado por excessos e decis\u00f5es question\u00e1veis, que colocam em xeque a seguran\u00e7a jur\u00eddica do pa\u00eds. No balan\u00e7o final, apesar da retomada das opera\u00e7\u00f5es da plataforma, o impacto sobre a credibilidade jur\u00eddica do Brasil ser\u00e1 percept\u00edvel. Empresas, especialmente as multinacionais, podem agora enxergar o Brasil com maior cautela em suas opera\u00e7\u00f5es, devido ao precedente perigoso criado em rela\u00e7\u00e3o \u00e0 Starlink, que foi inclu\u00edda na disputa sem as devidas garantias processuais\u201c, diz Kevin.\n<\/p>\n<p>Debate no Legislativo<br \/>No Senado, avan\u00e7am os debates sobre a Proposta de Emenda Constitucional n\u00famero 8, de autoria de Oriovisto Guimar\u00e3es, para conter as decis\u00f5es monocr\u00e1ticas, como as tomadas por Alexandre de Moraes no debate do X.\n<\/p>\n<p>\u201cEssa decis\u00e3o coloca um fim ao cabo de guerra entre Moraes e o X. Mas vale notar que ocorreu um debate importante sobre liberdade de express\u00e3o nesse per\u00edodo, o que pode reverberar no Legislativo, com as propostas de lei\u201c, diz o advogado Matheus Carvalho Dias, diretor-executivo da Associa\u00e7\u00e3o Nacional de Juristas Evang\u00e9licos, Anajure.\n<\/p>\n<p>Fonte: O Antagonista <\/p>\n<\/div>\n<p><br \/>\n<br \/><a href=\"https:\/\/diariodobrasilnoticias.com.br\/noticia\/o-resultado-da-disputa-entre-moraes-e-o-x-6705bcbd2bfc5\">Source link <\/a><\/p>","protected":false},"excerpt":{"rendered":"<p>Oministro do STF Alexandre de Moraes autorizou a rede X a voltar a funcionar no Brasil nesta ter\u00e7a, 8. O fim da censura deixa duas consequ\u00eancias. A primeira \u00e9 a&hellip;<\/p>","protected":false},"author":1,"featured_media":46353,"comment_status":"closed","ping_status":"open","sticky":false,"template":"","format":"standard","meta":{"content-type":"","footnotes":""},"categories":[16],"tags":[123,2448,5313,1267],"class_list":["post-46352","post","type-post","status-publish","format-standard","has-post-thumbnail","hentry","category-noticias","tag-brasil","tag-diario","tag-noticia","tag-noticias"],"_links":{"self":[{"href":"https:\/\/tvbrazilusa.com\/pt\/wp-json\/wp\/v2\/posts\/46352","targetHints":{"allow":["GET"]}}],"collection":[{"href":"https:\/\/tvbrazilusa.com\/pt\/wp-json\/wp\/v2\/posts"}],"about":[{"href":"https:\/\/tvbrazilusa.com\/pt\/wp-json\/wp\/v2\/types\/post"}],"author":[{"embeddable":true,"href":"https:\/\/tvbrazilusa.com\/pt\/wp-json\/wp\/v2\/users\/1"}],"replies":[{"embeddable":true,"href":"https:\/\/tvbrazilusa.com\/pt\/wp-json\/wp\/v2\/comments?post=46352"}],"version-history":[{"count":1,"href":"https:\/\/tvbrazilusa.com\/pt\/wp-json\/wp\/v2\/posts\/46352\/revisions"}],"predecessor-version":[{"id":46354,"href":"https:\/\/tvbrazilusa.com\/pt\/wp-json\/wp\/v2\/posts\/46352\/revisions\/46354"}],"wp:featuredmedia":[{"embeddable":true,"href":"https:\/\/tvbrazilusa.com\/pt\/wp-json\/wp\/v2\/media\/46353"}],"wp:attachment":[{"href":"https:\/\/tvbrazilusa.com\/pt\/wp-json\/wp\/v2\/media?parent=46352"}],"wp:term":[{"taxonomy":"category","embeddable":true,"href":"https:\/\/tvbrazilusa.com\/pt\/wp-json\/wp\/v2\/categories?post=46352"},{"taxonomy":"post_tag","embeddable":true,"href":"https:\/\/tvbrazilusa.com\/pt\/wp-json\/wp\/v2\/tags?post=46352"}],"curies":[{"name":"wp","href":"https:\/\/api.w.org\/{rel}","templated":true}]}}