{"id":46358,"date":"2024-10-09T03:51:50","date_gmt":"2024-10-09T03:51:50","guid":{"rendered":"https:\/\/tvbrazilusa.com\/2024\/10\/09\/ricardinho-atacante-do-remo-de-22-anos-e-morto-a-tiros\/"},"modified":"2024-10-09T03:51:52","modified_gmt":"2024-10-09T03:51:52","slug":"ricardinho-atacante-do-remo-de-22-anos-e-morto-a-tiros","status":"publish","type":"post","link":"https:\/\/tvbrazilusa.com\/pt\/2024\/10\/09\/ricardinho-atacante-do-remo-de-22-anos-e-morto-a-tiros\/","title":{"rendered":"Ricardinho, atacante do Remo de 22 anos, \u00e9 morto a tiros."},"content":{"rendered":"<p> <script async src=\"https:\/\/pagead2.googlesyndication.com\/pagead\/js\/adsbygoogle.js?client=ca-pub-8864793242727901\"\r\n     crossorigin=\"anonymous\"><\/script><br \/>\n<\/p>\n<div id=\"taboola-read-more\" style=\"display:block; width:100%\">\n<p>O atacante Ricardinho, de 22 anos, foi assassinado, na noite de segunda-feira (7), em Marituba, na Regi\u00e3o Metropolitana de Bel\u00e9m.\n<\/p>\n<p>O jogador pertence ao Remo e estava emprestado ao Rio Branco-SP. Segundo informa\u00e7\u00f5es de testemunhas, o atleta estava sentado em uma cal\u00e7ada conversando com um amigo quando um carro preto passou disparando v\u00e1rias vezes contra eles.<\/p>\n<\/p><\/div>\n<p><br \/>\n<br \/><a href=\"https:\/\/diariodobrasilnoticias.com.br\/noticia\/ricardinho-atacante-do-remo-de-22-anos-e-morto-a-tiros-67059dea25b1b\">Source link <\/a><\/p>","protected":false},"excerpt":{"rendered":"<p>O atacante Ricardinho, de 22 anos, foi assassinado, na noite de segunda-feira (7), em Marituba, na Regi\u00e3o Metropolitana de Bel\u00e9m. O jogador pertence ao Remo e estava emprestado ao Rio&hellip;<\/p>","protected":false},"author":1,"featured_media":46359,"comment_status":"closed","ping_status":"open","sticky":false,"template":"","format":"standard","meta":{"content-type":"","footnotes":""},"categories":[16],"tags":[123,2448,5313,1267],"class_list":["post-46358","post","type-post","status-publish","format-standard","has-post-thumbnail","hentry","category-noticias","tag-brasil","tag-diario","tag-noticia","tag-noticias"],"_links":{"self":[{"href":"https:\/\/tvbrazilusa.com\/pt\/wp-json\/wp\/v2\/posts\/46358","targetHints":{"allow":["GET"]}}],"collection":[{"href":"https:\/\/tvbrazilusa.com\/pt\/wp-json\/wp\/v2\/posts"}],"about":[{"href":"https:\/\/tvbrazilusa.com\/pt\/wp-json\/wp\/v2\/types\/post"}],"author":[{"embeddable":true,"href":"https:\/\/tvbrazilusa.com\/pt\/wp-json\/wp\/v2\/users\/1"}],"replies":[{"embeddable":true,"href":"https:\/\/tvbrazilusa.com\/pt\/wp-json\/wp\/v2\/comments?post=46358"}],"version-history":[{"count":1,"href":"https:\/\/tvbrazilusa.com\/pt\/wp-json\/wp\/v2\/posts\/46358\/revisions"}],"predecessor-version":[{"id":46360,"href":"https:\/\/tvbrazilusa.com\/pt\/wp-json\/wp\/v2\/posts\/46358\/revisions\/46360"}],"wp:featuredmedia":[{"embeddable":true,"href":"https:\/\/tvbrazilusa.com\/pt\/wp-json\/wp\/v2\/media\/46359"}],"wp:attachment":[{"href":"https:\/\/tvbrazilusa.com\/pt\/wp-json\/wp\/v2\/media?parent=46358"}],"wp:term":[{"taxonomy":"category","embeddable":true,"href":"https:\/\/tvbrazilusa.com\/pt\/wp-json\/wp\/v2\/categories?post=46358"},{"taxonomy":"post_tag","embeddable":true,"href":"https:\/\/tvbrazilusa.com\/pt\/wp-json\/wp\/v2\/tags?post=46358"}],"curies":[{"name":"wp","href":"https:\/\/api.w.org\/{rel}","templated":true}]}}