{"id":46361,"date":"2024-10-09T04:05:28","date_gmt":"2024-10-09T04:05:28","guid":{"rendered":"https:\/\/tvbrazilusa.com\/2024\/10\/09\/passageiro-irritado-agita-o-assento-da-frente-para-impedir-que-ele-recline-gerando-um-clima-tenso-a-bordo-do-voo-veja-video\/"},"modified":"2024-10-09T04:05:29","modified_gmt":"2024-10-09T04:05:29","slug":"passageiro-irritado-agita-o-assento-da-frente-para-impedir-que-ele-recline-gerando-um-clima-tenso-a-bordo-do-voo-veja-video","status":"publish","type":"post","link":"https:\/\/tvbrazilusa.com\/pt\/2024\/10\/09\/passageiro-irritado-agita-o-assento-da-frente-para-impedir-que-ele-recline-gerando-um-clima-tenso-a-bordo-do-voo-veja-video\/","title":{"rendered":"Passageiro irritado agita o assento da frente para impedir que ele recline, gerando um clima tenso a bordo do voo; VEJA V\u00cdDEO"},"content":{"rendered":"<p> <script async src=\"https:\/\/pagead2.googlesyndication.com\/pagead\/js\/adsbygoogle.js?client=ca-pub-8864793242727901\"\r\n     crossorigin=\"anonymous\"><\/script><br \/>\n<\/p>\n<div id=\"taboola-read-more\" style=\"display:block; width:100%\">\n<p>Um incidente controverso em pleno voo, gravado por um passageiro, ganhou aten\u00e7\u00e3o nas redes sociais, quando um homem furioso foi filmado balan\u00e7ando agressivamente o assento \u00e0 sua frente para impedir que o passageiro reclinasse. A cena, que se passou em um voo saindo de Denver, rapidamente se tornou viral, levantando quest\u00f5es sobre etiqueta e as regras de conviv\u00eancia em avi\u00f5es.\n<\/p>\n<p>No v\u00eddeo, \u00e9 poss\u00edvel ver o homem nas \u00faltimas fileiras for\u00e7ando o assento de volta \u00e0 posi\u00e7\u00e3o vertical, enquanto o passageiro \u00e0 sua frente parece surpreso com a rea\u00e7\u00e3o. Diante da crescente tens\u00e3o, uma comiss\u00e1ria de bordo interveio para acalmar a situa\u00e7\u00e3o, explicando ao passageiro agitado que o cliente \u00e0 sua frente tinha o direito de reclinar o assento.<\/p>\n<p>Essa explica\u00e7\u00e3o trouxe \u00e0 tona um ponto importante: em muitas companhias a\u00e9reas, os passageiros t\u00eam realmente a liberdade de reclinar seus assentos, exceto durante a decolagem e pouso, quando a seguran\u00e7a requer que todos estejam em posi\u00e7\u00e3o vertical.\n<\/p>\n<p>ASSISTA:\n<\/p>\n<p>Reclinar o assento, al\u00e9m de ser um recurso de conforto, tamb\u00e9m ajuda a distribuir o peso do passageiro e reduzir a press\u00e3o nas costas, especialmente em voos longos. Contudo, o direito de reclinar n\u00e3o vem sem suas regras de etiqueta. Especialistas sugerem que n\u00e3o se recline durante as refei\u00e7\u00f5es e recline apenas se estiver realmente se beneficiando com isso.\n<\/p>\n<p>Essas pr\u00e1ticas visam minimizar os conflitos e permitir um ambiente mais agrad\u00e1vel a bordo. Se um passageiro deseja evitar que o da frente recline, a abordagem ideal \u00e9 pedir educadamente que n\u00e3o o fa\u00e7a. Por outro lado, se o passageiro da frente decide reclinar, vale considerar o que realmente \u00e9 mais importante: o conforto pessoal ou a sensa\u00e7\u00e3o de desconforto ao ser impedido de se reclinar.\n<\/p>\n<p>Por fim, \u00e9 vital lembrar que, enquanto todos t\u00eam direitos a bordo, a maneira como esses direitos s\u00e3o reivindicados e exercidos determina a qualidade da experi\u00eancia de voo para todos os passageiros. Ao inv\u00e9s de criar uma cena, seria mais produtivo buscar solu\u00e7\u00f5es diplom\u00e1ticas e respeitosas que garantam o conforto m\u00fatuo durante a viagem.\n<\/p>\n<p>Fonte: Aeroin <\/p>\n<\/div>\n<p><br \/>\n<br \/><a href=\"https:\/\/diariodobrasilnoticias.com.br\/noticia\/passageiro-irritado-agita-o-assento-da-frente-para-impedir-que-ele-recline-gerando-um-clima-tenso-a-bordo-do-voo-veja-video-6705b12b15e4a\">Source link <\/a><\/p>","protected":false},"excerpt":{"rendered":"<p>Um incidente controverso em pleno voo, gravado por um passageiro, ganhou aten\u00e7\u00e3o nas redes sociais, quando um homem furioso foi filmado balan\u00e7ando agressivamente o assento \u00e0 sua frente para impedir&hellip;<\/p>","protected":false},"author":1,"featured_media":46362,"comment_status":"closed","ping_status":"open","sticky":false,"template":"","format":"standard","meta":{"content-type":"","footnotes":""},"categories":[16],"tags":[123,2448,5313,1267],"class_list":["post-46361","post","type-post","status-publish","format-standard","has-post-thumbnail","hentry","category-noticias","tag-brasil","tag-diario","tag-noticia","tag-noticias"],"_links":{"self":[{"href":"https:\/\/tvbrazilusa.com\/pt\/wp-json\/wp\/v2\/posts\/46361","targetHints":{"allow":["GET"]}}],"collection":[{"href":"https:\/\/tvbrazilusa.com\/pt\/wp-json\/wp\/v2\/posts"}],"about":[{"href":"https:\/\/tvbrazilusa.com\/pt\/wp-json\/wp\/v2\/types\/post"}],"author":[{"embeddable":true,"href":"https:\/\/tvbrazilusa.com\/pt\/wp-json\/wp\/v2\/users\/1"}],"replies":[{"embeddable":true,"href":"https:\/\/tvbrazilusa.com\/pt\/wp-json\/wp\/v2\/comments?post=46361"}],"version-history":[{"count":1,"href":"https:\/\/tvbrazilusa.com\/pt\/wp-json\/wp\/v2\/posts\/46361\/revisions"}],"predecessor-version":[{"id":46363,"href":"https:\/\/tvbrazilusa.com\/pt\/wp-json\/wp\/v2\/posts\/46361\/revisions\/46363"}],"wp:featuredmedia":[{"embeddable":true,"href":"https:\/\/tvbrazilusa.com\/pt\/wp-json\/wp\/v2\/media\/46362"}],"wp:attachment":[{"href":"https:\/\/tvbrazilusa.com\/pt\/wp-json\/wp\/v2\/media?parent=46361"}],"wp:term":[{"taxonomy":"category","embeddable":true,"href":"https:\/\/tvbrazilusa.com\/pt\/wp-json\/wp\/v2\/categories?post=46361"},{"taxonomy":"post_tag","embeddable":true,"href":"https:\/\/tvbrazilusa.com\/pt\/wp-json\/wp\/v2\/tags?post=46361"}],"curies":[{"name":"wp","href":"https:\/\/api.w.org\/{rel}","templated":true}]}}