{"id":4639,"date":"2023-07-05T12:39:54","date_gmt":"2023-07-05T12:39:54","guid":{"rendered":"https:\/\/tvbrazilusa.com\/2023\/07\/05\/o-que-esta-por-tras-da-violencia-na-franca\/"},"modified":"2023-07-05T12:39:54","modified_gmt":"2023-07-05T12:39:54","slug":"o-que-esta-por-tras-da-violencia-na-franca","status":"publish","type":"post","link":"https:\/\/tvbrazilusa.com\/pt\/2023\/07\/05\/o-que-esta-por-tras-da-violencia-na-franca\/","title":{"rendered":"O que est\u00e1 por tr\u00e1s da viol\u00eancia na Fran\u00e7a"},"content":{"rendered":"<p><iframe  width=\"580\" height=\"385\" src=\"https:\/\/www.youtube.com\/embed\/e3lM8gZ22gc?modestbranding=1\" frameborder=\"0\" allowfullscreen><\/iframe><br \/>\n<br \/>A milit\u00e2ncia de reda\u00e7\u00e3o da Globo est\u00e1 indignad\u00edssima porque uma campanha de doa\u00e7\u00f5es ao policial preso na Fran\u00e7a, pela morte de um menor de idade infrator, arrecadou 3x mais dinheiro do que uma campanha promovida pela m\u00e3e do meliante.<\/p>\n<p>A situa\u00e7\u00e3o foi a seguinte: um jovem imigrante foi abordado pela pol\u00edcia e fugiu em alta velocidade, quase atropelando um ciclista e pedestres.<\/p>\n<p>A pol\u00edcia alcan\u00e7ou o meliante quando ele ficou preso no tr\u00e2nsito e mandou que ele sa\u00edsse do carro.<\/p>\n<p>Ao inv\u00e9s de obedecer, o menor, que j\u00e1 havia sido preso v\u00e1rias vezes por dirigir sem carteira de motorista e por desacato, resolveu fugir, quando foi alvejado pelo policial.<\/p>\n<p>Quem est\u00e1 errado na hist\u00f3ria? O policial deveria permitir que o sujeito continuasse a amea\u00e7ar a vida dos outros? <\/p>\n<p>O incidente produziu uma grande onda de vandalismo e de viol\u00eancia na Fran\u00e7a, nos \u00faltimos dias. A milit\u00e2ncia de reda\u00e7\u00e3o tem defendido os arruaceiros e criminalizado a pol\u00edcia.<\/p>\n<p>Se voc\u00ea tivesse que escolher, faria uma doa\u00e7\u00e3o para a defesa do policial, ou para a m\u00e3e do meliante?<br \/>\n<br \/><a href=\"https:\/\/www.youtube.com\/watch?v=e3lM8gZ22gc\">source<\/a><\/p>","protected":false},"excerpt":{"rendered":"<p>A milit\u00e2ncia de reda\u00e7\u00e3o da Globo est\u00e1 indignad\u00edssima porque uma campanha de doa\u00e7\u00f5es ao policial preso na Fran\u00e7a, pela morte de um menor de idade infrator, arrecadou 3x mais dinheiro&hellip;<\/p>","protected":false},"author":1,"featured_media":4640,"comment_status":"","ping_status":"open","sticky":false,"template":"","format":"standard","meta":{"content-type":"","footnotes":""},"categories":[1],"tags":[],"class_list":["post-4639","post","type-post","status-publish","format-standard","has-post-thumbnail","hentry","category-uncategorized"],"_links":{"self":[{"href":"https:\/\/tvbrazilusa.com\/pt\/wp-json\/wp\/v2\/posts\/4639","targetHints":{"allow":["GET"]}}],"collection":[{"href":"https:\/\/tvbrazilusa.com\/pt\/wp-json\/wp\/v2\/posts"}],"about":[{"href":"https:\/\/tvbrazilusa.com\/pt\/wp-json\/wp\/v2\/types\/post"}],"author":[{"embeddable":true,"href":"https:\/\/tvbrazilusa.com\/pt\/wp-json\/wp\/v2\/users\/1"}],"replies":[{"embeddable":true,"href":"https:\/\/tvbrazilusa.com\/pt\/wp-json\/wp\/v2\/comments?post=4639"}],"version-history":[{"count":0,"href":"https:\/\/tvbrazilusa.com\/pt\/wp-json\/wp\/v2\/posts\/4639\/revisions"}],"wp:featuredmedia":[{"embeddable":true,"href":"https:\/\/tvbrazilusa.com\/pt\/wp-json\/wp\/v2\/media\/4640"}],"wp:attachment":[{"href":"https:\/\/tvbrazilusa.com\/pt\/wp-json\/wp\/v2\/media?parent=4639"}],"wp:term":[{"taxonomy":"category","embeddable":true,"href":"https:\/\/tvbrazilusa.com\/pt\/wp-json\/wp\/v2\/categories?post=4639"},{"taxonomy":"post_tag","embeddable":true,"href":"https:\/\/tvbrazilusa.com\/pt\/wp-json\/wp\/v2\/tags?post=4639"}],"curies":[{"name":"wp","href":"https:\/\/api.w.org\/{rel}","templated":true}]}}