{"id":4643,"date":"2024-07-20T17:26:11","date_gmt":"2024-07-20T17:26:11","guid":{"rendered":"https:\/\/tvbrazilusa.com\/2024\/07\/20\/agora-detentos-fazem-motim-em-presidio-de-sao-paulo-veja-imagens\/"},"modified":"2024-07-20T17:40:34","modified_gmt":"2024-07-20T17:40:34","slug":"agora-detentos-fazem-motim-em-presidio-de-sao-paulo-veja-imagens","status":"publish","type":"post","link":"https:\/\/tvbrazilusa.com\/pt\/2024\/07\/20\/agora-detentos-fazem-motim-em-presidio-de-sao-paulo-veja-imagens\/","title":{"rendered":"AGORA: Detentos fazem motim em pres\u00eddio de S\u00e3o Paulo; Veja imagens"},"content":{"rendered":"<p> <script async src=\"https:\/\/pagead2.googlesyndication.com\/pagead\/js\/adsbygoogle.js?client=ca-pub-8864793242727901\"\r\n     crossorigin=\"anonymous\"><\/script><br \/>\n<\/p>\n<div>\n<p>Foto: Reprodu\u00e7\u00e3o.<\/p>\n<p>No \u00faltimo s\u00e1bado, uma rebeli\u00e3o agitou a rotina da Penitenci\u00e1ria I de Franco da Rocha, situada no estado de S\u00e3o Paulo. Por volta do meio-dia, os detentos ocuparam o p\u00e1tio central da institui\u00e7\u00e3o e deram in\u00edcio a um ato de protesto, que incluiu a queima de colch\u00f5es. Felizmente, o incidente, que ocorreu durante um per\u00edodo de visita\u00e7\u00e3o, n\u00e3o resultou em feridos ou ref\u00e9ns.<\/p>\n<p>O Grupo de Interven\u00e7\u00e3o R\u00e1pida da Secretaria da Administra\u00e7\u00e3o Penitenci\u00e1ria (SAP) atuou prontamente para restaurar a ordem. A r\u00e1pida a\u00e7\u00e3o dos agentes penitenci\u00e1rios, aliada ao apoio externo do Corpo de Bombeiros de Cajamar, que controlou as chamas, foi crucial para evitar uma escalada do conflito. Testemunhas no local relataram a tens\u00e3o vivida, principalmente porque cerca de 60 familiares de presos e funcion\u00e1rios estavam dentro do pres\u00eddio no ato do motim.<\/p>\n<figure class=\"wp-block-image size-full\"><picture decoding=\"async\" class=\"wp-image-158318\"><source type=\"image\/webp\" srcset=\"https:\/\/terrabrasilnoticias.com\/wp-content\/uploads\/2024\/07\/image-613.png.webp 600w, https:\/\/terrabrasilnoticias.com\/wp-content\/uploads\/2024\/07\/image-613-300x169.png.webp 300w\" sizes=\"(max-width: 600px) 100vw, 600px\"\/><\/picture>\n<\/figure>\n<h2 class=\"wp-block-heading\">Qual o motivo do protesto na penitenci\u00e1ria?<\/h2>\n<p>Embora os detalhes espec\u00edficos do motim n\u00e3o tenham sido totalmente elucidados, entende-se que tais atos s\u00e3o, frequentemente, respostas a condi\u00e7\u00f5es insatisfat\u00f3rias de deten\u00e7\u00e3o ou pedidos que n\u00e3o foram atendidos pela administra\u00e7\u00e3o penitenci\u00e1ria. As autoridades competentes seguem investigando os motivadores que levaram os detentos a iniciar essa rebeli\u00e3o.<\/p>\n<figure class=\"wp-block-image size-full\"><picture decoding=\"async\" class=\"wp-image-158319\"><source type=\"image\/webp\" srcset=\"https:\/\/terrabrasilnoticias.com\/wp-content\/uploads\/2024\/07\/image-614.png.webp 600w, https:\/\/terrabrasilnoticias.com\/wp-content\/uploads\/2024\/07\/image-614-300x167.png.webp 300w\" sizes=\"(max-width: 600px) 100vw, 600px\"\/><img fetchpriority=\"high\" decoding=\"async\" width=\"600\" height=\"334\" src=\"https:\/\/terrabrasilnoticias.com\/wp-content\/uploads\/2024\/07\/image-614.png\" alt=\"\" srcset=\"https:\/\/terrabrasilnoticias.com\/wp-content\/uploads\/2024\/07\/image-614.png 600w, https:\/\/terrabrasilnoticias.com\/wp-content\/uploads\/2024\/07\/image-614-300x167.png 300w\" sizes=\"(max-width: 600px) 100vw, 600px\"\/>\n<\/picture>\n<\/figure>\n<h2 class=\"wp-block-heading\">Resposta r\u00e1pida evita trag\u00e9dia<\/h2>\n<p>A interven\u00e7\u00e3o do Grupo de Interven\u00e7\u00e3o R\u00e1pida e do Corpo de Bombeiros de Cajamar foi essencial para a resolu\u00e7\u00e3o r\u00e1pida e sem v\u00edtimas do conflito. Segundo relatos do Corpo de Bombeiros, colocar um fim r\u00e1pido ao inc\u00eandio evitou danos maiores n\u00e3o apenas aos detentos, mas tamb\u00e9m aos profissionais e visitantes presentes no complexo penitenci\u00e1rio.<\/p>\n<figure class=\"wp-block-image size-full\"><img loading=\"lazy\" decoding=\"async\" width=\"600\" height=\"338\" src=\"https:\/\/terrabrasilnoticias.com\/wp-content\/uploads\/2024\/07\/image-615.png\" alt=\"\" class=\"wp-image-158320\" srcset=\"https:\/\/terrabrasilnoticias.com\/wp-content\/uploads\/2024\/07\/image-615.png 600w, https:\/\/terrabrasilnoticias.com\/wp-content\/uploads\/2024\/07\/image-615-300x169.png 300w\" sizes=\"auto, (max-width: 600px) 100vw, 600px\"\/><\/figure>\n<h2 class=\"wp-block-heading\">Seguran\u00e7a refor\u00e7ada no per\u00edmetro da penitenci\u00e1ria<\/h2>\n<p>Ap\u00f3s o incidente, a Pol\u00edcia Militar fortaleceu a seguran\u00e7a na \u00e1rea externa da penitenci\u00e1ria para prevenir qualquer poss\u00edvel escalada de viol\u00eancia. As autoridades continuam a monitorar atentamente a situa\u00e7\u00e3o, buscando garantir a seguran\u00e7a e a ordem na regi\u00e3o. A SAP reafirmou seu compromisso de investigar a fundo as causas do motim e de tomar as medidas necess\u00e1rias para evitar futuros incidentes.<\/p>\n<p>Esse evento ressalta a necessidade cont\u00ednua de revis\u00e3o das condi\u00e7\u00f5es nas pris\u00f5es brasileiras, bem como a import\u00e2ncia de estrat\u00e9gias eficazes de gest\u00e3o e resposta a crises no sistema prisional. As autoridades, juntamente com as equipes de seguran\u00e7a e emerg\u00eancia, locais mostraram preparo e efici\u00eancia na gest\u00e3o deste epis\u00f3dio, servindo como um exemplo de coordena\u00e7\u00e3o r\u00e1pida e efetiva em momentos de crise.<\/p>\n<figure class=\"wp-block-image size-full\"><img loading=\"lazy\" decoding=\"async\" width=\"600\" height=\"338\" src=\"https:\/\/terrabrasilnoticias.com\/wp-content\/uploads\/2024\/07\/image-616.png\" alt=\"\" class=\"wp-image-158321\" srcset=\"https:\/\/terrabrasilnoticias.com\/wp-content\/uploads\/2024\/07\/image-616.png 600w, https:\/\/terrabrasilnoticias.com\/wp-content\/uploads\/2024\/07\/image-616-300x169.png 300w\" sizes=\"auto, (max-width: 600px) 100vw, 600px\"\/><\/figure>\n<\/p><\/div>\n<p><br \/>\n<br \/><a href=\"https:\/\/terrabrasilnoticias.com\/2024\/07\/agora-detentos-fazem-motim-em-presidio-de-sao-paulo-veja-imagens\/\">Source link <\/a><\/p>","protected":false},"excerpt":{"rendered":"<p>Foto: Reprodu\u00e7\u00e3o. No \u00faltimo s\u00e1bado, uma rebeli\u00e3o agitou a rotina da Penitenci\u00e1ria I de Franco da Rocha, situada no estado de S\u00e3o Paulo. Por volta do meio-dia, os detentos ocuparam&hellip;<\/p>","protected":false},"author":1,"featured_media":4644,"comment_status":"closed","ping_status":"open","sticky":false,"template":"","format":"standard","meta":{"content-type":"","footnotes":""},"categories":[16],"tags":[],"class_list":["post-4643","post","type-post","status-publish","format-standard","has-post-thumbnail","hentry","category-noticias"],"_links":{"self":[{"href":"https:\/\/tvbrazilusa.com\/pt\/wp-json\/wp\/v2\/posts\/4643","targetHints":{"allow":["GET"]}}],"collection":[{"href":"https:\/\/tvbrazilusa.com\/pt\/wp-json\/wp\/v2\/posts"}],"about":[{"href":"https:\/\/tvbrazilusa.com\/pt\/wp-json\/wp\/v2\/types\/post"}],"author":[{"embeddable":true,"href":"https:\/\/tvbrazilusa.com\/pt\/wp-json\/wp\/v2\/users\/1"}],"replies":[{"embeddable":true,"href":"https:\/\/tvbrazilusa.com\/pt\/wp-json\/wp\/v2\/comments?post=4643"}],"version-history":[{"count":1,"href":"https:\/\/tvbrazilusa.com\/pt\/wp-json\/wp\/v2\/posts\/4643\/revisions"}],"predecessor-version":[{"id":4645,"href":"https:\/\/tvbrazilusa.com\/pt\/wp-json\/wp\/v2\/posts\/4643\/revisions\/4645"}],"wp:featuredmedia":[{"embeddable":true,"href":"https:\/\/tvbrazilusa.com\/pt\/wp-json\/wp\/v2\/media\/4644"}],"wp:attachment":[{"href":"https:\/\/tvbrazilusa.com\/pt\/wp-json\/wp\/v2\/media?parent=4643"}],"wp:term":[{"taxonomy":"category","embeddable":true,"href":"https:\/\/tvbrazilusa.com\/pt\/wp-json\/wp\/v2\/categories?post=4643"},{"taxonomy":"post_tag","embeddable":true,"href":"https:\/\/tvbrazilusa.com\/pt\/wp-json\/wp\/v2\/tags?post=4643"}],"curies":[{"name":"wp","href":"https:\/\/api.w.org\/{rel}","templated":true}]}}