{"id":46430,"date":"2024-10-09T12:13:06","date_gmt":"2024-10-09T12:13:06","guid":{"rendered":"https:\/\/tvbrazilusa.com\/2024\/10\/09\/candidato-e-eleito-mesmo-perdendo-para-votos-nulos-e-brancos\/"},"modified":"2024-10-09T12:13:07","modified_gmt":"2024-10-09T12:13:07","slug":"candidato-e-eleito-mesmo-perdendo-para-votos-nulos-e-brancos","status":"publish","type":"post","link":"https:\/\/tvbrazilusa.com\/pt\/2024\/10\/09\/candidato-e-eleito-mesmo-perdendo-para-votos-nulos-e-brancos\/","title":{"rendered":"Candidato \u00e9 eleito mesmo &#8216;perdendo&#8217; para votos nulos e brancos"},"content":{"rendered":"<p> <script async src=\"https:\/\/pagead2.googlesyndication.com\/pagead\/js\/adsbygoogle.js?client=ca-pub-8864793242727901\"\r\n     crossorigin=\"anonymous\"><\/script><br \/>\n<\/p>\n<div id=\"taboola-read-more\" style=\"display:block; width:100%\">\n<p>Eleito prefeito de Barrac\u00e3o (RS), o candidato Luiz Carlos da Silva (MDB) recebeu menos votos do que aqueles que foram destinados aos brancos e nulos nas elei\u00e7\u00f5es municipais de 2024. Mesmo assim ele ser\u00e1 o pr\u00f3ximo prefeito da cidade.\n<\/p>\n<p>O emedebista teve 1.830 votos. Os brancos totalizaram 1.378, e houve 502 votos nulos \u2014 o que entre os dois se somam 1.880. O candidato vai ocupar a vaga porque a Justi\u00e7a Eleitoral desconsidera os votos brancos e nulos. A cidade tem 5,5 mil habitantes.<\/p>\n<p>Silva foi eleito pela falta de concorr\u00eancia. Nenhum outro pol\u00edtico disputou a Prefeitura de Barrac\u00e3o neste ano.\n<\/p>\n<p><strong>Quem \u00e9 Luiz Carlos da Silva <\/strong><br \/>Luiz Carlos da Silva tem 59 anos, \u00e9 casado, tem ensino m\u00e9dio completo e declara \u00e0 Justi\u00e7a Eleitoral a ocupa\u00e7\u00e3o de aposentado. Ele declarou um patrim\u00f4nio de R$ 621,7 mil.\n<\/p>\n<p>O vice-prefeito eleito em Barrac\u00e3o \u00e9 Idelcio (PP). Ele tem 41 anos. Os dois fazem parte da coliga\u00e7\u00e3o Unidos por Barrac\u00e3o. O bloco \u00e9 formado pelos partidos PP, PDT, PT, PCdoB, PV e MDB.\n<\/p>\n<p>Atualmente, Luiz Carlos da Silva \u00e9 o vice-prefeito do munic\u00edpio ga\u00facho. Ele exerce o cargo desde 2016. Al\u00e9m disso, exerceu mandato como vereador de 2008 a 2012.\n<\/p>\n<p><strong>Curiosidades sobre Barrac\u00e3o<\/strong><br \/>Com 5,2 mil habitantes, Barrac\u00e3o est\u00e1 localizado na regi\u00e3o sudoeste do Estado ga\u00facho. O munic\u00edpio fica perto da divisa do Rio Grande do Sul com Santa Catarina. Essa posi\u00e7\u00e3o geogr\u00e1fica a torna um ponto estrat\u00e9gico para o com\u00e9rcio entre os dois Estados sulistas.\n<\/p>\n<p>A cidade possui uma forte influ\u00eancia da cultura ga\u00facha, refletida em suas festividades e tradi\u00e7\u00f5es. Eventos como festas tradicionais, rodeios e celebra\u00e7\u00f5es de Natal s\u00e3o bastante comuns.\n<\/p>\n<p>\u00a0<\/p>\n<p>Barrac\u00e3o foi fundada em 1963, mas a hist\u00f3ria da regi\u00e3o remonta a anos anteriores, com a presen\u00e7a de colonizadores europeus, especialmente italianos e alem\u00e3es. Eles contribu\u00edram para a forma\u00e7\u00e3o cultural e econ\u00f4mica da cidade.\n<\/p>\n<p>Fonte: Revista Oeste <\/p>\n<\/div>\n<p><br \/>\n<br \/><a href=\"https:\/\/diariodobrasilnoticias.com.br\/noticia\/candidato-e-eleito-mesmo-perdendo-para-votos-que-brancos-e-nulos-67065c74550c2\">Source link <\/a><\/p>","protected":false},"excerpt":{"rendered":"<p>Eleito prefeito de Barrac\u00e3o (RS), o candidato Luiz Carlos da Silva (MDB) recebeu menos votos do que aqueles que foram destinados aos brancos e nulos nas elei\u00e7\u00f5es municipais de 2024.&hellip;<\/p>","protected":false},"author":1,"featured_media":46431,"comment_status":"closed","ping_status":"open","sticky":false,"template":"","format":"standard","meta":{"content-type":"","footnotes":""},"categories":[16],"tags":[123,2448,5313,1267],"class_list":["post-46430","post","type-post","status-publish","format-standard","has-post-thumbnail","hentry","category-noticias","tag-brasil","tag-diario","tag-noticia","tag-noticias"],"_links":{"self":[{"href":"https:\/\/tvbrazilusa.com\/pt\/wp-json\/wp\/v2\/posts\/46430","targetHints":{"allow":["GET"]}}],"collection":[{"href":"https:\/\/tvbrazilusa.com\/pt\/wp-json\/wp\/v2\/posts"}],"about":[{"href":"https:\/\/tvbrazilusa.com\/pt\/wp-json\/wp\/v2\/types\/post"}],"author":[{"embeddable":true,"href":"https:\/\/tvbrazilusa.com\/pt\/wp-json\/wp\/v2\/users\/1"}],"replies":[{"embeddable":true,"href":"https:\/\/tvbrazilusa.com\/pt\/wp-json\/wp\/v2\/comments?post=46430"}],"version-history":[{"count":1,"href":"https:\/\/tvbrazilusa.com\/pt\/wp-json\/wp\/v2\/posts\/46430\/revisions"}],"predecessor-version":[{"id":46432,"href":"https:\/\/tvbrazilusa.com\/pt\/wp-json\/wp\/v2\/posts\/46430\/revisions\/46432"}],"wp:featuredmedia":[{"embeddable":true,"href":"https:\/\/tvbrazilusa.com\/pt\/wp-json\/wp\/v2\/media\/46431"}],"wp:attachment":[{"href":"https:\/\/tvbrazilusa.com\/pt\/wp-json\/wp\/v2\/media?parent=46430"}],"wp:term":[{"taxonomy":"category","embeddable":true,"href":"https:\/\/tvbrazilusa.com\/pt\/wp-json\/wp\/v2\/categories?post=46430"},{"taxonomy":"post_tag","embeddable":true,"href":"https:\/\/tvbrazilusa.com\/pt\/wp-json\/wp\/v2\/tags?post=46430"}],"curies":[{"name":"wp","href":"https:\/\/api.w.org\/{rel}","templated":true}]}}