{"id":46436,"date":"2024-10-09T12:38:29","date_gmt":"2024-10-09T12:38:29","guid":{"rendered":"https:\/\/tvbrazilusa.com\/2024\/10\/09\/sobre-evangelicos-eduardo-paes-diz-que-se-for-para-seguir-jesus-melhor-estar-com-lula\/"},"modified":"2024-10-09T12:38:30","modified_gmt":"2024-10-09T12:38:30","slug":"sobre-evangelicos-eduardo-paes-diz-que-se-for-para-seguir-jesus-melhor-estar-com-lula","status":"publish","type":"post","link":"https:\/\/tvbrazilusa.com\/pt\/2024\/10\/09\/sobre-evangelicos-eduardo-paes-diz-que-se-for-para-seguir-jesus-melhor-estar-com-lula\/","title":{"rendered":"Sobre evang\u00e9licos, Eduardo Paes diz que \u2018se for para seguir Jesus, melhor estar com Lula\u2019"},"content":{"rendered":"<p> <script async src=\"https:\/\/pagead2.googlesyndication.com\/pagead\/js\/adsbygoogle.js?client=ca-pub-8864793242727901\"\r\n     crossorigin=\"anonymous\"><\/script><br \/>\n<\/p>\n<div id=\"taboola-read-more\" style=\"display:block; width:100%\">\n<p>O prefeito reeleito do Rio de Janeiro, Eduardo Paes (PSD), afirmou nesta ter\u00e7a-feira (8), em entrevista \u00e0 Folha, que v\u00ea meios de o presidente Lula (PT) se reaproximar do eleitorado evang\u00e9lico e de lideran\u00e7as do segmento.\n<\/p>\n<p>Ap\u00f3s uma vit\u00f3ria com o apoio de pastores e fi\u00e9is, apesar de ter enfrentado o bolsonarista Alexandre Ramagem (PL), Paes afirma ver proximidade entre as pol\u00edticas p\u00fablicas defendidas pelo petista e o interesse dos evang\u00e9licos.<\/p>\n<p>\u201cEle sempre defendeu o Bolsa Fam\u00edlia, transporte para as pessoas mais pobres, o Minha Casa, Minha Vida, em que a maioria das pessoas s\u00e3o evang\u00e9licas. [\u2026] O valor crist\u00e3o ensina que voc\u00ea tem que cuidar dos mais pobres, ser mais solid\u00e1rio, mais humano. Ent\u00e3o se for para seguir Jesus, \u00e9 melhor estar com o Lula\u201d, afirmou em seu gabinete na prefeitura.\n<\/p>\n<p><strong>Folha de S. Paulo<\/strong> <\/p>\n<\/div>\n<p><br \/>\n<br \/><a href=\"https:\/\/diariodobrasilnoticias.com.br\/noticia\/sobre-evangelicos-eduardo-paes-diz-que-se-for-para-seguir-jesus-melhor-estar-com-lula-670661d409d83\">Source link <\/a><\/p>","protected":false},"excerpt":{"rendered":"<p>O prefeito reeleito do Rio de Janeiro, Eduardo Paes (PSD), afirmou nesta ter\u00e7a-feira (8), em entrevista \u00e0 Folha, que v\u00ea meios de o presidente Lula (PT) se reaproximar do eleitorado&hellip;<\/p>","protected":false},"author":1,"featured_media":46437,"comment_status":"closed","ping_status":"open","sticky":false,"template":"","format":"standard","meta":{"content-type":"","footnotes":""},"categories":[16],"tags":[123,2448,5313,1267],"class_list":["post-46436","post","type-post","status-publish","format-standard","has-post-thumbnail","hentry","category-noticias","tag-brasil","tag-diario","tag-noticia","tag-noticias"],"_links":{"self":[{"href":"https:\/\/tvbrazilusa.com\/pt\/wp-json\/wp\/v2\/posts\/46436","targetHints":{"allow":["GET"]}}],"collection":[{"href":"https:\/\/tvbrazilusa.com\/pt\/wp-json\/wp\/v2\/posts"}],"about":[{"href":"https:\/\/tvbrazilusa.com\/pt\/wp-json\/wp\/v2\/types\/post"}],"author":[{"embeddable":true,"href":"https:\/\/tvbrazilusa.com\/pt\/wp-json\/wp\/v2\/users\/1"}],"replies":[{"embeddable":true,"href":"https:\/\/tvbrazilusa.com\/pt\/wp-json\/wp\/v2\/comments?post=46436"}],"version-history":[{"count":1,"href":"https:\/\/tvbrazilusa.com\/pt\/wp-json\/wp\/v2\/posts\/46436\/revisions"}],"predecessor-version":[{"id":46438,"href":"https:\/\/tvbrazilusa.com\/pt\/wp-json\/wp\/v2\/posts\/46436\/revisions\/46438"}],"wp:featuredmedia":[{"embeddable":true,"href":"https:\/\/tvbrazilusa.com\/pt\/wp-json\/wp\/v2\/media\/46437"}],"wp:attachment":[{"href":"https:\/\/tvbrazilusa.com\/pt\/wp-json\/wp\/v2\/media?parent=46436"}],"wp:term":[{"taxonomy":"category","embeddable":true,"href":"https:\/\/tvbrazilusa.com\/pt\/wp-json\/wp\/v2\/categories?post=46436"},{"taxonomy":"post_tag","embeddable":true,"href":"https:\/\/tvbrazilusa.com\/pt\/wp-json\/wp\/v2\/tags?post=46436"}],"curies":[{"name":"wp","href":"https:\/\/api.w.org\/{rel}","templated":true}]}}