{"id":46439,"date":"2024-10-09T12:50:25","date_gmt":"2024-10-09T12:50:25","guid":{"rendered":"https:\/\/tvbrazilusa.com\/2024\/10\/09\/pl-responsabiliza-alexandre-de-moraes-pelo-desempenho-abaixo-do-esperado-nas-eleicoes\/"},"modified":"2024-10-09T12:50:26","modified_gmt":"2024-10-09T12:50:26","slug":"pl-responsabiliza-alexandre-de-moraes-pelo-desempenho-abaixo-do-esperado-nas-eleicoes","status":"publish","type":"post","link":"https:\/\/tvbrazilusa.com\/pt\/2024\/10\/09\/pl-responsabiliza-alexandre-de-moraes-pelo-desempenho-abaixo-do-esperado-nas-eleicoes\/","title":{"rendered":"PL responsabiliza Alexandre de Moraes pelo desempenho abaixo do esperado nas elei\u00e7\u00f5es."},"content":{"rendered":"<p> <script async src=\"https:\/\/pagead2.googlesyndication.com\/pagead\/js\/adsbygoogle.js?client=ca-pub-8864793242727901\"\r\n     crossorigin=\"anonymous\"><\/script><br \/>\n<\/p>\n<div>\n<p>Integrantes do PL t\u00eam celebrado publicamente os 510 prefeitos eleitos pelo partido no primeiro turno das elei\u00e7\u00f5es, mas, nos bastidores, admitem que o n\u00famero veio abaixo do esperado. O presidente da legenda, Valdemar Costa Neto, chegou a afirmar que o PL teria mais de mil prefeituras, o dobro do que foi conquistado.\n<\/p>\n<p>Para a c\u00fapula do partido, a decis\u00e3o do ministro do Supremo Tribunal Federal (STF) Alexandre de Moraes, que pro\u00edbe o contato entre Valdemar e Jair Bolsonaro, teve peso para que os n\u00fameros fossem menores do que o projetado.<\/p>\n<p>A avalia\u00e7\u00e3o na legenda \u00e9 que Valdemar \u00e9 a \u00fanica pessoa que teria conseguido convencer o ex-presidente a gravar propaganda para mais candidatos e tamb\u00e9m participar de campanhas que ele ignorou. O pr\u00f3prio Valdemar chegou a fazer essa avalia\u00e7\u00e3o a correligion\u00e1rios da sigla, em mais de uma ocasi\u00e3o.\n<\/p>\n<p><strong>Bela Megale \u2013 O Globo<\/strong>\u00a0\n<\/p>\n<\/div>\n<p><br \/>\n<br \/><a href=\"https:\/\/diariodobrasilnoticias.com.br\/noticia\/pl-responsabiliza-alexandre-de-moraes-pelo-desempenho-abaixo-do-esperado-nas-eleicoes-67066131be68f\">Source link <\/a><\/p>","protected":false},"excerpt":{"rendered":"<p>Integrantes do PL t\u00eam celebrado publicamente os 510 prefeitos eleitos pelo partido no primeiro turno das elei\u00e7\u00f5es, mas, nos bastidores, admitem que o n\u00famero veio abaixo do esperado. O presidente&hellip;<\/p>","protected":false},"author":1,"featured_media":46440,"comment_status":"closed","ping_status":"open","sticky":false,"template":"","format":"standard","meta":{"content-type":"","footnotes":""},"categories":[16],"tags":[123,2448,5313,1267],"class_list":["post-46439","post","type-post","status-publish","format-standard","has-post-thumbnail","hentry","category-noticias","tag-brasil","tag-diario","tag-noticia","tag-noticias"],"_links":{"self":[{"href":"https:\/\/tvbrazilusa.com\/pt\/wp-json\/wp\/v2\/posts\/46439","targetHints":{"allow":["GET"]}}],"collection":[{"href":"https:\/\/tvbrazilusa.com\/pt\/wp-json\/wp\/v2\/posts"}],"about":[{"href":"https:\/\/tvbrazilusa.com\/pt\/wp-json\/wp\/v2\/types\/post"}],"author":[{"embeddable":true,"href":"https:\/\/tvbrazilusa.com\/pt\/wp-json\/wp\/v2\/users\/1"}],"replies":[{"embeddable":true,"href":"https:\/\/tvbrazilusa.com\/pt\/wp-json\/wp\/v2\/comments?post=46439"}],"version-history":[{"count":1,"href":"https:\/\/tvbrazilusa.com\/pt\/wp-json\/wp\/v2\/posts\/46439\/revisions"}],"predecessor-version":[{"id":46441,"href":"https:\/\/tvbrazilusa.com\/pt\/wp-json\/wp\/v2\/posts\/46439\/revisions\/46441"}],"wp:featuredmedia":[{"embeddable":true,"href":"https:\/\/tvbrazilusa.com\/pt\/wp-json\/wp\/v2\/media\/46440"}],"wp:attachment":[{"href":"https:\/\/tvbrazilusa.com\/pt\/wp-json\/wp\/v2\/media?parent=46439"}],"wp:term":[{"taxonomy":"category","embeddable":true,"href":"https:\/\/tvbrazilusa.com\/pt\/wp-json\/wp\/v2\/categories?post=46439"},{"taxonomy":"post_tag","embeddable":true,"href":"https:\/\/tvbrazilusa.com\/pt\/wp-json\/wp\/v2\/tags?post=46439"}],"curies":[{"name":"wp","href":"https:\/\/api.w.org\/{rel}","templated":true}]}}