{"id":46442,"date":"2024-10-09T13:07:36","date_gmt":"2024-10-09T13:07:36","guid":{"rendered":"https:\/\/tvbrazilusa.com\/2024\/10\/09\/juizes-antecipam-votos-e-condenam-pablo-marcal-por-campanha-antecipada\/"},"modified":"2024-10-09T13:07:37","modified_gmt":"2024-10-09T13:07:37","slug":"juizes-antecipam-votos-e-condenam-pablo-marcal-por-campanha-antecipada","status":"publish","type":"post","link":"https:\/\/tvbrazilusa.com\/pt\/2024\/10\/09\/juizes-antecipam-votos-e-condenam-pablo-marcal-por-campanha-antecipada\/","title":{"rendered":"Ju\u00edzes antecipam votos e condenam Pablo Mar\u00e7al por campanha antecipada."},"content":{"rendered":"<p> <script async src=\"https:\/\/pagead2.googlesyndication.com\/pagead\/js\/adsbygoogle.js?client=ca-pub-8864793242727901\"\r\n     crossorigin=\"anonymous\"><\/script><br \/>\n<\/p>\n<div id=\"taboola-read-more\" style=\"display:block; width:100%\">\n<p>Muitos de voc\u00eas talvez j\u00e1 tenham se acostumado com o ativismo judicial. Eu n\u00e3o consigo me acostumar, porque isso n\u00e3o existiu pela maior parte da minha vida; \u00e9 coisa surgida dez anos atr\u00e1s. Agora leio no Valor Econ\u00f4mico que Pablo Mar\u00e7al vai ter de acertar contas com a Justi\u00e7a Eleitoral e poder\u00e1 ser declarado ineleg\u00edvel, segundo ministros do TSE e do STF ouvidos pelo Valor.\n<\/p>\n<p>Quando leio uma coisa dessas, me cai o queixo. Ju\u00edzes que v\u00e3o julgar um caso j\u00e1 est\u00e3o antecipando a decis\u00e3o, anunciando que a pessoa vai ficar ineleg\u00edvel. \u00c9 como se dissessem \u201cn\u00f3s ainda nem recebemos nada, n\u00e3o sabemos se vai chegar aqui um processo, mas certamente vai chegar, e a\u00ed vamos condenar\u201d. \u00c9 incr\u00edvel! Estudantes de Direito, advogados, juristas que estejam me ouvindo ou lendo, podem ficar horrorizados tamb\u00e9m. A menos que essa not\u00edcia n\u00e3o seja verdadeira, porque n\u00e3o traz o nome dos tais ministros que falaram com o Valor Econ\u00f4mico.<\/p>\n<p><strong>Agora que a elei\u00e7\u00e3o terminou em boa parte do Brasil, Moraes desbloqueia o X <\/strong><br \/>J\u00e1 posso voltar para o Brasil: Alexandre de Moraesdesbloqueou o X, que eu continuei a usar aqui em Portugal. Mas os brasileiros ficaram sem a rede social por quase todo o per\u00edodo eleitoral. A rede saiu em 30 de agosto, ficou bloqueada por todo m\u00eas de setembro; os brasileiros n\u00e3o puderam discutir pelo X ideias, opini\u00f5es e valores que est\u00e3o em jogo numa elei\u00e7\u00e3o. N\u00e3o puderam fazer isso nem nos \u00faltimos dias antes da elei\u00e7\u00e3o, nem mesmo no dia seguinte \u00e0 elei\u00e7\u00e3o; s\u00f3 a partir desta ter\u00e7a-feira. Ficamos sem poder debater em um per\u00edodo importante, porque as plataformas digitais s\u00e3o a nova \u00e1gora do mundo, \u00e9 o lugar em que o povo \u2013 que \u00e9 a origem de todo o poder \u2013 pode discutir ideias, e do choque de ideias surgem os valores, as verdades de cada um, que s\u00e3o submetidas ao debate com seus contr\u00e1rios, seus advers\u00e1rios.\n<\/p>\n<p><strong>Daniel Silveira s\u00f3 mudou de cadeia, mas continua preso<\/strong><br \/>O X est\u00e1 de volta; s\u00f3 quem n\u00e3o recupera a liberdade \u00e9 o ex-deputado Daniel Silveira. Ele saiu de um pres\u00eddio e foi para outro, uma col\u00f4nia agr\u00edcola. Continua preso; chegou a haver not\u00edcias de que ele ganharia a liberdade, mas n\u00e3o.\n<\/p>\n<p><strong>N\u00e3o achem que o PT est\u00e1 virando carta fora do baralho<\/strong><br \/>Muita gente est\u00e1 olhando os n\u00fameros do PT, dizendo que o partido perdeu feio no domingo. O PT pode n\u00e3o ter voto (e tem cada vez menos), mas tem a m\u00eddia, o meio art\u00edstico, os professores \u2013 n\u00e3o s\u00f3 universit\u00e1rios, mas os professores em geral. Ent\u00e3o, o PT ainda tem muito. Por outro lado, a direita e a centro-direita t\u00eam brigas internas, cis\u00f5es como essa do pastor Silas Malafaia, que praticamente xingouJair Bolsonaro, dizendo que ele cometeu erros est\u00fapidos em Curitiba e em S\u00e3o Paulo. E o segundo turno ter\u00e1 encontros de direita versus direita, ou direita versus centro-direita, em muitas cidades. \u00c9 assim que a maioria se enfraquece, se divide, e fica do mesmo tamanho da minoria.\n<\/p>\n<p><strong>Mais \u00e1lcool na gasolina que enche o tanque do seu carro <\/strong><br \/>O presidente da Rep\u00fablica sancionou uma lei que aumenta a quantidade de \u00e1lcool na gasolina do seu carro; agora, pode ser de at\u00e9 35%. O diesel teve apenas um aumento de 1 ponto sobre os 14% de biodiesel atuais, para chegar a 20% em 2030 e a 25% em 2031. Eu me perguntando como fica o sistema de alimenta\u00e7\u00e3o dos carros, o sistema de inje\u00e7\u00e3o de diesel e de gasolina, com esse acr\u00e9scimo de \u00e1lcool. At\u00e9 onde eu sei, forma uma borra, entope. Acontece o mesmo nos avi\u00f5es. E o pessoal ligado \u00e0 avia\u00e7\u00e3o diz que esse combust\u00edvel que n\u00e3o tem carbono etc. \u00e9 cinco vezes mais caro, o que vai aumentar o custo da passagem. Ser\u00e1 que vamos deixar de lado o nosso petr\u00f3leo? Acho muito bom produzirmos \u00e1lcool de cana, tamb\u00e9m \u00e9 riqueza \u2013 eu lembro de quando surgiu o Pro\u00e1lcool, nos anos 70, programa que foi chefiado por Aureliano Chaves, vice-presidente da Rep\u00fablica. Mas ainda temos uma riqueza grande em petr\u00f3leo. Faremos o qu\u00ea com ela? Produzir apenas pl\u00e1stico, talvez?\n<\/p>\n<p><strong>Gal\u00edpolo est\u00e1 confirmado como pr\u00f3ximo presidente do Banco Central<\/strong><br \/>O Senado aprovou o novo presidente do Banco Central pelos pr\u00f3ximos quatro anos. Sai Roberto Campos Neto, em 31 de dezembro, e entra Gabriel Gal\u00edpolo. Ele j\u00e1 est\u00e1 no Banco Central como diretor; passou pela sabatina e o plen\u00e1rio do Senado aprovou seu nome. Gal\u00edpolo foi secret\u00e1rio do Minist\u00e9rio da Fazenda sob Fernando Haddad, \u00e9 muito ligado a Aloizio Mercadante e Luiz Gonzaga Belluzzo. N\u00e3o se aproxima nem um pouco de Paulo Guedes, portanto.\n<\/p>\n<p>Fonte: Gazeta do Povo <\/p>\n<\/div>\n<p><br \/>\n<br \/><a href=\"https:\/\/diariodobrasilnoticias.com.br\/noticia\/juizes-antecipam-votos-e-condenam-pablo-marcal-por-campanha-antecipada-67065f2a064a0\">Source link <\/a><\/p>","protected":false},"excerpt":{"rendered":"<p>Muitos de voc\u00eas talvez j\u00e1 tenham se acostumado com o ativismo judicial. Eu n\u00e3o consigo me acostumar, porque isso n\u00e3o existiu pela maior parte da minha vida; \u00e9 coisa surgida&hellip;<\/p>","protected":false},"author":1,"featured_media":46443,"comment_status":"closed","ping_status":"open","sticky":false,"template":"","format":"standard","meta":{"content-type":"","footnotes":""},"categories":[16],"tags":[123,2448,5313,1267],"class_list":["post-46442","post","type-post","status-publish","format-standard","has-post-thumbnail","hentry","category-noticias","tag-brasil","tag-diario","tag-noticia","tag-noticias"],"_links":{"self":[{"href":"https:\/\/tvbrazilusa.com\/pt\/wp-json\/wp\/v2\/posts\/46442","targetHints":{"allow":["GET"]}}],"collection":[{"href":"https:\/\/tvbrazilusa.com\/pt\/wp-json\/wp\/v2\/posts"}],"about":[{"href":"https:\/\/tvbrazilusa.com\/pt\/wp-json\/wp\/v2\/types\/post"}],"author":[{"embeddable":true,"href":"https:\/\/tvbrazilusa.com\/pt\/wp-json\/wp\/v2\/users\/1"}],"replies":[{"embeddable":true,"href":"https:\/\/tvbrazilusa.com\/pt\/wp-json\/wp\/v2\/comments?post=46442"}],"version-history":[{"count":1,"href":"https:\/\/tvbrazilusa.com\/pt\/wp-json\/wp\/v2\/posts\/46442\/revisions"}],"predecessor-version":[{"id":46444,"href":"https:\/\/tvbrazilusa.com\/pt\/wp-json\/wp\/v2\/posts\/46442\/revisions\/46444"}],"wp:featuredmedia":[{"embeddable":true,"href":"https:\/\/tvbrazilusa.com\/pt\/wp-json\/wp\/v2\/media\/46443"}],"wp:attachment":[{"href":"https:\/\/tvbrazilusa.com\/pt\/wp-json\/wp\/v2\/media?parent=46442"}],"wp:term":[{"taxonomy":"category","embeddable":true,"href":"https:\/\/tvbrazilusa.com\/pt\/wp-json\/wp\/v2\/categories?post=46442"},{"taxonomy":"post_tag","embeddable":true,"href":"https:\/\/tvbrazilusa.com\/pt\/wp-json\/wp\/v2\/tags?post=46442"}],"curies":[{"name":"wp","href":"https:\/\/api.w.org\/{rel}","templated":true}]}}