{"id":46454,"date":"2024-10-09T13:40:19","date_gmt":"2024-10-09T13:40:19","guid":{"rendered":"https:\/\/tvbrazilusa.com\/2024\/10\/09\/pt-diz-que-emendas-bilionarias-ajudaram-reeleicao-do-centro-e-direita\/"},"modified":"2024-10-09T13:40:21","modified_gmt":"2024-10-09T13:40:21","slug":"pt-diz-que-emendas-bilionarias-ajudaram-reeleicao-do-centro-e-direita","status":"publish","type":"post","link":"https:\/\/tvbrazilusa.com\/pt\/2024\/10\/09\/pt-diz-que-emendas-bilionarias-ajudaram-reeleicao-do-centro-e-direita\/","title":{"rendered":"PT diz que emendas bilion\u00e1rias ajudaram reelei\u00e7\u00e3o do centro e direita"},"content":{"rendered":"<p> <script async src=\"https:\/\/pagead2.googlesyndication.com\/pagead\/js\/adsbygoogle.js?client=ca-pub-8864793242727901\"\r\n     crossorigin=\"anonymous\"><\/script><br \/>\n<\/p>\n<div id=\"taboola-read-more\" style=\"display:block; width:100%\">\n<p>A Comiss\u00e3o Executiva Nacional do Partido dos Trabalhadores (PT), da qual o presidente Luiz In\u00e1cio Lula da Silva faz parte, publicou nota nesta ter\u00e7a (8\/10) sobre o primeiro turno das elei\u00e7\u00f5es municipais, realizadas em todo o pa\u00eds no \u00faltimo domingo (6\/10).\n<\/p>\n<p>No pronunciamento, a diretoria da sigla celebra o aumento de prefeituras conquistadas, de 183 para 248, e as 13 disputas em segundo turno, que incluem quatro capitais: Fortaleza, Porto Alegre, Cuiab\u00e1 e Natal. Os resultados foram definidos como um \u201cin\u00edcio da recupera\u00e7\u00e3o eleitoral do PT nos munic\u00edpios\u201d.<\/p>\n<p>\u201cNum cen\u00e1rio que mais uma vez favoreceu a elei\u00e7\u00e3o ou reelei\u00e7\u00e3o de candidatos das legendas da centro-direita e direita dominantes no Congresso Nacional, com acesso a emendas parlamentares bilion\u00e1rias e no comando das m\u00e1quinas p\u00fablicas municipais. O alto \u00edndice de reelei\u00e7\u00f5es, que beira os 80% nas cidades que mais receberam emendas parlamentares, confirma essa distor\u00e7\u00e3o no sistema pol\u00edtico\u201d, argumenta o comunicado.\n<\/p>\n<p>O partido cita tamb\u00e9m os 3118 vereadores eleitos em chapas compartilhadas junto ao PV e ao PCdoB, que comp\u00f5em a Federa\u00e7\u00e3o Brasil da Esperan\u00e7a.\n<\/p>\n<p>\u201cNossa principal tarefa, neste segundo turno, \u00e9 fortalecer as campanhas nas 13 cidades em que estamos disputando, e lutar com todas as for\u00e7as pela vit\u00f3ria de Boulos e Marta, unindo o campo popular e democr\u00e1tico contra a extrema direita na maior cidade do pa\u00eds\u201d, destaca o texto.\n<\/p>\n<p>O pronunciamento tamb\u00e9m reitera a necessidade de avaliar acertos e eventuais equ\u00edvocos nas t\u00e1ticas eleitorais do partido, levando em considera\u00e7\u00e3o o retorno ao governo federal \u201cap\u00f3s quase uma d\u00e9cada de cerco e persegui\u00e7\u00e3o contra nosso partido e nosso maior l\u00edder\u201d.\n<\/p>\n<p>\u201cO per\u00edodo hist\u00f3rico inaugurado com a farsa da Lava Jato e o golpe contra a presidenta Dilma abriu as portas para a extrema direita aliada ao neoliberalismo mais selvagem, que seguem amea\u00e7ando o pa\u00eds e o sistema democr\u00e1tico\u201d, defendem o petista.\n<\/p>\n<p>Fonte: Metr\u00f3poles <\/p>\n<\/div>\n<p><br \/>\n<br \/><a href=\"https:\/\/diariodobrasilnoticias.com.br\/noticia\/pt-diz-que-emendas-bilionarias-ajudaram-reeleicao-do-centro-e-direita-67066208adcb0\">Source link <\/a><\/p>","protected":false},"excerpt":{"rendered":"<p>A Comiss\u00e3o Executiva Nacional do Partido dos Trabalhadores (PT), da qual o presidente Luiz In\u00e1cio Lula da Silva faz parte, publicou nota nesta ter\u00e7a (8\/10) sobre o primeiro turno das&hellip;<\/p>","protected":false},"author":1,"featured_media":46455,"comment_status":"closed","ping_status":"open","sticky":false,"template":"","format":"standard","meta":{"content-type":"","footnotes":""},"categories":[16],"tags":[123,2448,5313,1267],"class_list":["post-46454","post","type-post","status-publish","format-standard","has-post-thumbnail","hentry","category-noticias","tag-brasil","tag-diario","tag-noticia","tag-noticias"],"_links":{"self":[{"href":"https:\/\/tvbrazilusa.com\/pt\/wp-json\/wp\/v2\/posts\/46454","targetHints":{"allow":["GET"]}}],"collection":[{"href":"https:\/\/tvbrazilusa.com\/pt\/wp-json\/wp\/v2\/posts"}],"about":[{"href":"https:\/\/tvbrazilusa.com\/pt\/wp-json\/wp\/v2\/types\/post"}],"author":[{"embeddable":true,"href":"https:\/\/tvbrazilusa.com\/pt\/wp-json\/wp\/v2\/users\/1"}],"replies":[{"embeddable":true,"href":"https:\/\/tvbrazilusa.com\/pt\/wp-json\/wp\/v2\/comments?post=46454"}],"version-history":[{"count":1,"href":"https:\/\/tvbrazilusa.com\/pt\/wp-json\/wp\/v2\/posts\/46454\/revisions"}],"predecessor-version":[{"id":46456,"href":"https:\/\/tvbrazilusa.com\/pt\/wp-json\/wp\/v2\/posts\/46454\/revisions\/46456"}],"wp:featuredmedia":[{"embeddable":true,"href":"https:\/\/tvbrazilusa.com\/pt\/wp-json\/wp\/v2\/media\/46455"}],"wp:attachment":[{"href":"https:\/\/tvbrazilusa.com\/pt\/wp-json\/wp\/v2\/media?parent=46454"}],"wp:term":[{"taxonomy":"category","embeddable":true,"href":"https:\/\/tvbrazilusa.com\/pt\/wp-json\/wp\/v2\/categories?post=46454"},{"taxonomy":"post_tag","embeddable":true,"href":"https:\/\/tvbrazilusa.com\/pt\/wp-json\/wp\/v2\/tags?post=46454"}],"curies":[{"name":"wp","href":"https:\/\/api.w.org\/{rel}","templated":true}]}}