{"id":4646,"date":"2024-07-20T17:23:43","date_gmt":"2024-07-20T17:23:43","guid":{"rendered":"https:\/\/tvbrazilusa.com\/2024\/07\/20\/video-celso-amorim-compara-agressao-a-mulheres-no-ira-com-pena-de-morte-nos-eua-paulo-figueiredo\/"},"modified":"2024-07-20T17:47:24","modified_gmt":"2024-07-20T17:47:24","slug":"video-celso-amorim-compara-agressao-a-mulheres-no-ira-com-pena-de-morte-nos-eua-paulo-figueiredo","status":"publish","type":"post","link":"https:\/\/tvbrazilusa.com\/pt\/2024\/07\/20\/video-celso-amorim-compara-agressao-a-mulheres-no-ira-com-pena-de-morte-nos-eua-paulo-figueiredo\/","title":{"rendered":"V\u00eddeo: Celso Amorim compara agress\u00e3o a mulheres no Ir\u00e3 com pena de morte nos EUA &#8211; Paulo Figueiredo"},"content":{"rendered":"<p> <script async src=\"https:\/\/pagead2.googlesyndication.com\/pagead\/js\/adsbygoogle.js?client=ca-pub-8864793242727901\"\r\n     crossorigin=\"anonymous\"><\/script><br \/>\n<\/p>\n<div id=\"wtr-content\" data-bg=\"#FFFFFF\" data-fg=\"#006d91\" data-width=\"25\" data-mute=\"1\" data-fgopacity=\"1.00\" data-mutedopacity=\"0.5\" data-placement=\"bottom\" data-placement-offset=\"0\" data-content-offset=\"262\" data-placement-touch=\"bottom\" data-placement-offset-touch=\"0\" data-transparent=\"\" data-shadow=\"0\" data-touch=\"1\" data-non-touch=\"1\" data-comments=\"0\" data-commentsbg=\"transparent\" data-location=\"page\" data-mutedfg=\"#006d91\" data-endfg=\"#006d91\" data-rtl=\"\">\n<h3 class=\"wp-block-heading\">O assessor de Lula para Assuntos Internacionais foi contestado pelo ex-embaixador norte-americano Dan Baer<\/h3>\n<p>Celso Amorim, assessor-chefe de Assuntos Internacionais do presidente Luiz In\u00e1cio Lula da Silva, comparou a agress\u00e3o a mulheres no Ir\u00e3 com pena de morte nos Estados Unidos. Ele deu a declara\u00e7\u00e3o durante encontro do\u00a0<strong>Fundo Carnegie para a Paz Internacional<\/strong>. O evento ocorreu nesta quinta-feira, 18, nos EUA.<\/p>\n<p>\u201cLamento dizer o que quero dizer\u201d, disse Amorim. \u201cH\u00e1 um sinal de tom religioso na maneira dos EUA de ver a pena de morte. N\u00e3o tenho nada contra. Bem, n\u00e3o concordo com a maneira como as mulheres s\u00e3o tratadas no Ir\u00e3, por exemplo. Mas n\u00e3o concordo com a pena de morte que ainda existe nos EUA.\u201d<\/p>\n<figure class=\"wp-block-embed is-type-rich is-provider-twitter wp-block-embed-twitter\">\n<div class=\"wp-block-embed__wrapper\">\n<blockquote class=\"twitter-tweet\" data-width=\"550\" data-dnt=\"true\">\n<p lang=\"pt\" dir=\"ltr\">Celso Amorim, assessor-chefe de assuntos internacionais do presidente Luiz In\u00e1cio Lula da Silva, comparou a agress\u00e3o a mulheres no Ir\u00e3 com a pena de morte nos Estados Unidos. Ele deu a declara\u00e7\u00e3o durante encontro do Fundo Carnegie para a Paz Internacional, nesta quinta-feira, 19. <a href=\"https:\/\/t.co\/kzneSIpu7d\">pic.twitter.com\/kzneSIpu7d<\/a><\/p>\n<p>\u2014 Revista Oeste (@revistaoeste) <a href=\"https:\/\/twitter.com\/revistaoeste\/status\/1814435121811828743?ref_src=twsrc%5Etfw\">July 19, 2024<\/a><\/p><\/blockquote>\n<\/div>\n<\/figure>\n<p>O assessor de Lula participou de uma entrevista realizada pelo ex-embaixador dos EUA Dan Baer. O apresentador havia perguntado sobre a inclus\u00e3o de outros pa\u00edses, como Ir\u00e3, Egito e Emirados \u00c1rabes Unidos, ao G20 \u2014 grupo das maiores economias do mundo.<\/p>\n<blockquote class=\"wp-block-quote is-layout-flow wp-block-quote-is-layout-flow\">\n<p><em>\u201c\u00c9 um pa\u00eds importante\u201d, continuou Amorim, sobre o Ir\u00e3. \u201c80 milh\u00f5es de pessoas em uma regi\u00e3o muito crucial do mundo. Ent\u00e3o, por que n\u00e3o?\u201d<\/em><\/p>\n<\/blockquote>\n<p>O ex-embaixador decidiu contestar a compara\u00e7\u00e3o de Amorim com o regime iraniano. Baer lembrou que atuou durante o governo do ex-presidente norte-americano Barack Obama.<\/p>\n<p>Baer disse que n\u00e3o aprova a pena de morte, mas que teve de defender a medida em encontros internacionais. Por\u00e9m, n\u00e3o considera compar\u00e1vel a atua\u00e7\u00e3o dos EUA com puni\u00e7\u00e3o dada pelo Ir\u00e3, uma teocracia a partir de entendimento da doutrina isl\u00e2mica, \u00e0s mulheres.<\/p>\n<h3 class=\"wp-block-heading\">Ex-embaixador contesta Celso Amorim<\/h3>\n<p>\u201cTive que defender isso como embaixador e acho que os EUA deveriam acabar com a pr\u00e1tica da pena capital\u201d, afirmou Baer. \u201cPorque nos torna uma exce\u00e7\u00e3o entre democracias avan\u00e7adas. Ent\u00e3o, vou admitir seu ponto. Por\u00e9m, ao desenhar um equivalente entre os Estados Unidos, a aplica\u00e7\u00e3o de pena de morte, e o regime iraniano, n\u00e3o \u00e9 moralmente respeit\u00e1vel. Acho que \u00e9 um equivalente ruim. E acho que mina a credibilidade moral daqueles que fazem esse tipo de equival\u00eancia.\u201d<\/p>\n<p>O Ir\u00e3 \u00e9 conhecido internacionalmente por violar os direitos humanos e aplicar diversas puni\u00e7\u00f5es contra mulheres que n\u00e3o fazem o uso correto do\u00a0<em>hijab\u00a0<\/em>\u2014 conjunto de vestimentas recomendado pela doutrina isl\u00e2mica. O pa\u00eds conta com a chamada \u201cpol\u00edcia da moralidade\u201d e as condenadas podem ser, inclusive, apedrejadas.<\/p>\n<p>A pena de morte \u00e9 uma puni\u00e7\u00e3o legal nos EUA, usada por 29 dos 50 Estados norte-americanos. A medida \u00e9 adotada contra criminosos que cometeram crimes violentos, como homic\u00eddio. O m\u00e9todo de execu\u00e7\u00e3o mais utilizado \u00e9 a inje\u00e7\u00e3o letal, mas tamb\u00e9m h\u00e1 outras maneiras, como cadeira el\u00e9trica, enforcamento, pelot\u00e3o de fuzilamento e g\u00e1s letal.<\/p>\n<p><strong><a href=\"https:\/\/revistaoeste.com\/politica\/video-celso-amorim-compara-agressao-a-mulheres-no-ira-com-pena-de-morte-nos-eua\/\">Source link<\/a><\/strong><\/p>\n<\/div>\n<p><script async src=\"\/\/platform.twitter.com\/widgets.js\" charset=\"utf-8\"><\/script><br \/>\n<br \/><br \/>\n<br \/><a href=\"https:\/\/paulofigueiredoshow.com\/video-celso-amorim-compara-agressao-a-mulheres-no-ira-com-pena-de-morte-nos-eua\/\">Source link <\/a><\/p>","protected":false},"excerpt":{"rendered":"<p>O assessor de Lula para Assuntos Internacionais foi contestado pelo ex-embaixador norte-americano Dan Baer Celso Amorim, assessor-chefe de Assuntos Internacionais do presidente Luiz In\u00e1cio Lula da Silva, comparou a agress\u00e3o&hellip;<\/p>","protected":false},"author":1,"featured_media":4647,"comment_status":"closed","ping_status":"open","sticky":false,"template":"","format":"standard","meta":{"content-type":"","footnotes":""},"categories":[16],"tags":[],"class_list":["post-4646","post","type-post","status-publish","format-standard","has-post-thumbnail","hentry","category-noticias"],"_links":{"self":[{"href":"https:\/\/tvbrazilusa.com\/pt\/wp-json\/wp\/v2\/posts\/4646","targetHints":{"allow":["GET"]}}],"collection":[{"href":"https:\/\/tvbrazilusa.com\/pt\/wp-json\/wp\/v2\/posts"}],"about":[{"href":"https:\/\/tvbrazilusa.com\/pt\/wp-json\/wp\/v2\/types\/post"}],"author":[{"embeddable":true,"href":"https:\/\/tvbrazilusa.com\/pt\/wp-json\/wp\/v2\/users\/1"}],"replies":[{"embeddable":true,"href":"https:\/\/tvbrazilusa.com\/pt\/wp-json\/wp\/v2\/comments?post=4646"}],"version-history":[{"count":1,"href":"https:\/\/tvbrazilusa.com\/pt\/wp-json\/wp\/v2\/posts\/4646\/revisions"}],"predecessor-version":[{"id":4648,"href":"https:\/\/tvbrazilusa.com\/pt\/wp-json\/wp\/v2\/posts\/4646\/revisions\/4648"}],"wp:featuredmedia":[{"embeddable":true,"href":"https:\/\/tvbrazilusa.com\/pt\/wp-json\/wp\/v2\/media\/4647"}],"wp:attachment":[{"href":"https:\/\/tvbrazilusa.com\/pt\/wp-json\/wp\/v2\/media?parent=4646"}],"wp:term":[{"taxonomy":"category","embeddable":true,"href":"https:\/\/tvbrazilusa.com\/pt\/wp-json\/wp\/v2\/categories?post=4646"},{"taxonomy":"post_tag","embeddable":true,"href":"https:\/\/tvbrazilusa.com\/pt\/wp-json\/wp\/v2\/tags?post=4646"}],"curies":[{"name":"wp","href":"https:\/\/api.w.org\/{rel}","templated":true}]}}