{"id":46463,"date":"2024-10-09T14:15:21","date_gmt":"2024-10-09T14:15:21","guid":{"rendered":"https:\/\/tvbrazilusa.com\/2024\/10\/09\/retorno-do-x-provedores-de-internet-nao-receberam-notificacao-oficial-segundo-associacao\/"},"modified":"2024-10-09T14:15:22","modified_gmt":"2024-10-09T14:15:22","slug":"retorno-do-x-provedores-de-internet-nao-receberam-notificacao-oficial-segundo-associacao","status":"publish","type":"post","link":"https:\/\/tvbrazilusa.com\/pt\/2024\/10\/09\/retorno-do-x-provedores-de-internet-nao-receberam-notificacao-oficial-segundo-associacao\/","title":{"rendered":"Retorno do X: provedores de internet n\u00e3o receberam notifica\u00e7\u00e3o oficial, segundo associa\u00e7\u00e3o."},"content":{"rendered":"<p> <script async src=\"https:\/\/pagead2.googlesyndication.com\/pagead\/js\/adsbygoogle.js?client=ca-pub-8864793242727901\"\r\n     crossorigin=\"anonymous\"><\/script><br \/>\n<\/p>\n<div id=\"taboola-read-more\" style=\"display:block; width:100%\">\n<p>A Associa\u00e7\u00e3o Brasileira de Provedores de Internet e Telecomunica\u00e7\u00f5es (Abrint) afirmou na noite desta ter\u00e7a-feira (8) que, at\u00e9 o momento, os provedores de internet n\u00e3o foram oficialmente notificados pela Ag\u00eancia Nacional de Telecomunica\u00e7\u00f5es (Anatel) sobre o retorno do X (antigo Twitter).\n<\/p>\n<p>Mais cedo, o ministro do Supremo Tribunal Federal (STF) Alexandre de Moraes autorizou o retorno do funcionamento da rede social no pa\u00eds e determinou \u00e0 Anatel que desbloqueie a plataforma em at\u00e9 24 horas.<\/p>\n<p>\u201cA Abrint refor\u00e7a que, assim que a notifica\u00e7\u00e3o for recebida, a libera\u00e7\u00e3o poder\u00e1 ocorrer em quest\u00e3o de horas. Caso a notifica\u00e7\u00e3o seja recebida fora do hor\u00e1rio comercial, alguns provedores poder\u00e3o retomar o servi\u00e7o apenas no in\u00edcio da manh\u00e3 do dia seguinte\u201d, disse a associa\u00e7\u00e3o em nota.\n<\/p>\n<p>No entanto, alguns usu\u00e1rios do pa\u00eds j\u00e1 conseguem acessar e publicar na rede social. Em nota publicada no seu perfil na plataforma, o X disse ter \u201corgulho de estar de volta ao Brasil\u201d\n<\/p>\n<p>\u201cProporcionar a dezenas de milh\u00f5es de brasileiros acesso \u00e0 nossa plataforma indispens\u00e1vel foi prioridade durante todo este processo. Continuaremos a defender a liberdade de express\u00e3o, dentro dos limites da lei, em todos os lugares onde operamos\u201d, escreveu a empresa.\n<\/p>\n<p>Fonte: CNN Brasil <\/p>\n<\/div>\n<p><br \/>\n<br \/><a href=\"https:\/\/diariodobrasilnoticias.com.br\/noticia\/retorno-do-x-provedores-de-internet-nao-receberam-notificacao-oficial-segundo-associacao-670664195fce8\">Source link <\/a><\/p>","protected":false},"excerpt":{"rendered":"<p>A Associa\u00e7\u00e3o Brasileira de Provedores de Internet e Telecomunica\u00e7\u00f5es (Abrint) afirmou na noite desta ter\u00e7a-feira (8) que, at\u00e9 o momento, os provedores de internet n\u00e3o foram oficialmente notificados pela Ag\u00eancia&hellip;<\/p>","protected":false},"author":1,"featured_media":46464,"comment_status":"closed","ping_status":"open","sticky":false,"template":"","format":"standard","meta":{"content-type":"","footnotes":""},"categories":[16],"tags":[123,2448,5313,1267],"class_list":["post-46463","post","type-post","status-publish","format-standard","has-post-thumbnail","hentry","category-noticias","tag-brasil","tag-diario","tag-noticia","tag-noticias"],"_links":{"self":[{"href":"https:\/\/tvbrazilusa.com\/pt\/wp-json\/wp\/v2\/posts\/46463","targetHints":{"allow":["GET"]}}],"collection":[{"href":"https:\/\/tvbrazilusa.com\/pt\/wp-json\/wp\/v2\/posts"}],"about":[{"href":"https:\/\/tvbrazilusa.com\/pt\/wp-json\/wp\/v2\/types\/post"}],"author":[{"embeddable":true,"href":"https:\/\/tvbrazilusa.com\/pt\/wp-json\/wp\/v2\/users\/1"}],"replies":[{"embeddable":true,"href":"https:\/\/tvbrazilusa.com\/pt\/wp-json\/wp\/v2\/comments?post=46463"}],"version-history":[{"count":1,"href":"https:\/\/tvbrazilusa.com\/pt\/wp-json\/wp\/v2\/posts\/46463\/revisions"}],"predecessor-version":[{"id":46465,"href":"https:\/\/tvbrazilusa.com\/pt\/wp-json\/wp\/v2\/posts\/46463\/revisions\/46465"}],"wp:featuredmedia":[{"embeddable":true,"href":"https:\/\/tvbrazilusa.com\/pt\/wp-json\/wp\/v2\/media\/46464"}],"wp:attachment":[{"href":"https:\/\/tvbrazilusa.com\/pt\/wp-json\/wp\/v2\/media?parent=46463"}],"wp:term":[{"taxonomy":"category","embeddable":true,"href":"https:\/\/tvbrazilusa.com\/pt\/wp-json\/wp\/v2\/categories?post=46463"},{"taxonomy":"post_tag","embeddable":true,"href":"https:\/\/tvbrazilusa.com\/pt\/wp-json\/wp\/v2\/tags?post=46463"}],"curies":[{"name":"wp","href":"https:\/\/api.w.org\/{rel}","templated":true}]}}