{"id":46520,"date":"2024-10-09T15:48:43","date_gmt":"2024-10-09T15:48:43","guid":{"rendered":"https:\/\/tvbrazilusa.com\/2024\/10\/09\/kassab-aponta-ratinho-jr-como-candidato-a-presidente-em-2026-paulo-figueiredo\/"},"modified":"2024-10-09T17:10:22","modified_gmt":"2024-10-09T17:10:22","slug":"kassab-aponta-ratinho-jr-como-candidato-a-presidente-em-2026-paulo-figueiredo","status":"publish","type":"post","link":"https:\/\/tvbrazilusa.com\/pt\/2024\/10\/09\/kassab-aponta-ratinho-jr-como-candidato-a-presidente-em-2026-paulo-figueiredo\/","title":{"rendered":"Kassab aponta Ratinho Jr. como candidato a presidente em 2026 &#8211; Paulo Figueiredo"},"content":{"rendered":"<p> <script async src=\"https:\/\/pagead2.googlesyndication.com\/pagead\/js\/adsbygoogle.js?client=ca-pub-8864793242727901\"\r\n     crossorigin=\"anonymous\"><\/script><br \/>\n<\/p>\n<div id=\"wtr-content\" data-bg=\"#FFFFFF\" data-fg=\"#006d91\" data-width=\"25\" data-mute=\"1\" data-fgopacity=\"1.00\" data-mutedopacity=\"0.5\" data-placement=\"bottom\" data-placement-offset=\"0\" data-content-offset=\"262\" data-placement-touch=\"bottom\" data-placement-offset-touch=\"0\" data-transparent=\"\" data-shadow=\"0\" data-touch=\"1\" data-non-touch=\"1\" data-comments=\"0\" data-commentsbg=\"transparent\" data-location=\"page\" data-mutedfg=\"#006d91\" data-endfg=\"#006d91\" data-rtl=\"\">\n<h3 class=\"wp-block-heading\">Presidente nacional do PSD declarou que partido deve ter candidato pr\u00f3prio em 2026. Ratinho Jr. ganha for\u00e7a<\/h3>\n<p>O presidente nacional do PSD, Gilberto Kassab, apontou o governador do Paran\u00e1,\u00a0Ratinho Junior\u00a0(PSD), como o candidato a presidente pelo partido nas elei\u00e7\u00f5es de 2026, segundo ele, um dos representantes da\u00a0<strong>renova\u00e7\u00e3o pol\u00edtica no pa\u00eds<\/strong>. A declara\u00e7\u00e3o foi dada em entrevista \u00e0\u00a0<em>CNN Brasil<\/em>.<\/p>\n<p>\u201cTemos um consenso hoje no partido que, se tivermos candidato, o Ratinho [Jr.] s\u00f3 n\u00e3o ser\u00e1 o candidato se n\u00e3o quiser\u201d, afirmou. De acordo com o ex-prefeito de S\u00e3o Paulo e atual secret\u00e1rio estadual de Governo e Rela\u00e7\u00f5es Institucionais de S\u00e3o Paulo, o PSD passa por uma renova\u00e7\u00e3o em seus quadros e poder\u00e1 lan\u00e7ar candidatura pr\u00f3pria em 2026, ao contr\u00e1rio de 2022, quando os nomes de\u00a0Rodrigo Pacheco\u00a0e\u00a0Eduardo Leite\u00a0foram cogitados, mas n\u00e3o avan\u00e7aram \u2014 o partido liberou os filiados a escolherem apoio ao presidente Luiz In\u00e1cio Lula da Silva (PT) ou ao ex-presidente Jair Bolsonaro (PL).<\/p>\n<p>\u201cVamos nos esfor\u00e7ar para ter uma candidatura pr\u00f3pria em 2026\u201d, reiterou Kassab. \u201cA renova\u00e7\u00e3o est\u00e1 acontecendo no Brasil. Veja a safra de bons pol\u00edticos que est\u00e3o chegando, independente da idade\u201d, afirmou Kassab, citando outros nomes do PSD al\u00e9m de Ratinho Junior, como o pr\u00f3prio Eduardo Leite, al\u00e9m dos prefeitos reeleitos Eduardo Paes (Rio de Janeiro), Top\u00e1zio Neto (Florian\u00f3polis) e\u00a0Eduardo Braide\u00a0(S\u00e3o Lu\u00eds).<\/p>\n<p>Kassab ainda citou o deputado federal Ant\u00f4nio Brito e o vice-prefeito de Curitiba,\u00a0<a href=\"https:\/\/www.gazetadopovo.com.br\/tudo-sobre\/eduardo-pimentel\/?ref=link-interno-materia\" target=\"_blank\" rel=\"noreferrer noopener\">Eduardo Pimentel<\/a>, que disputa o segundo turno na capital paranaense contra a candidata Cristina Graeml (PMB). Fora do PSD, Kassab falou do governador de S\u00e3o Paulo, Tarc\u00edsio de Freitas (Republicanos), como um poss\u00edvel candidato \u00e0 Presid\u00eancia em 2026.<\/p>\n<p>O otimismo de Kassab com um candidato pr\u00f3prio em 2026 vem ap\u00f3s o\u00a0<strong>PSD ser um dos grandes vencedores nas elei\u00e7\u00f5es municipais<\/strong>\u00a0deste ano. O partido elegeu 886 prefeitos em todo o Brasil, desbancando o MDB com o maior n\u00famero de prefeituras no Brasil. Nas capitais, o PSD venceu em tr\u00eas e est\u00e1 no segundo turno em outras duas \u2014 Curitiba e Belo Horizonte. \u201cO crescimento \u00e9 fruto da coer\u00eancia, da conquista de respeito por parte da sociedade e dos quadros que o PSD tem\u201d, defendeu Kassab.<\/p>\n<p><strong><a href=\"https:\/\/www.gazetadopovo.com.br\/parana\/kassab-aponta-ratinho-jr-como-candidato-a-presidente-em-2026\/\">Source link<\/a><\/strong><\/p>\n<\/div>\n<p><br \/>\n<br \/><a href=\"https:\/\/paulofigueiredoshow.com\/kassab-aponta-ratinho-jr-como-candidato-a-presidente-em-2026\/\">Source link <\/a><\/p>","protected":false},"excerpt":{"rendered":"<p>Presidente nacional do PSD declarou que partido deve ter candidato pr\u00f3prio em 2026. Ratinho Jr. ganha for\u00e7a O presidente nacional do PSD, Gilberto Kassab, apontou o governador do Paran\u00e1,\u00a0Ratinho Junior\u00a0(PSD),&hellip;<\/p>","protected":false},"author":1,"featured_media":46521,"comment_status":"closed","ping_status":"open","sticky":false,"template":"","format":"standard","meta":{"content-type":"","footnotes":""},"categories":[16],"tags":[25935,1408,20774,26410,1601,19327,26411],"class_list":["post-46520","post","type-post","status-publish","format-standard","has-post-thumbnail","hentry","category-noticias","tag-25935","tag-eleicoes","tag-kassab","tag-lancara","tag-pacheco","tag-psd","tag-ratinho-jr"],"_links":{"self":[{"href":"https:\/\/tvbrazilusa.com\/pt\/wp-json\/wp\/v2\/posts\/46520","targetHints":{"allow":["GET"]}}],"collection":[{"href":"https:\/\/tvbrazilusa.com\/pt\/wp-json\/wp\/v2\/posts"}],"about":[{"href":"https:\/\/tvbrazilusa.com\/pt\/wp-json\/wp\/v2\/types\/post"}],"author":[{"embeddable":true,"href":"https:\/\/tvbrazilusa.com\/pt\/wp-json\/wp\/v2\/users\/1"}],"replies":[{"embeddable":true,"href":"https:\/\/tvbrazilusa.com\/pt\/wp-json\/wp\/v2\/comments?post=46520"}],"version-history":[{"count":1,"href":"https:\/\/tvbrazilusa.com\/pt\/wp-json\/wp\/v2\/posts\/46520\/revisions"}],"predecessor-version":[{"id":46522,"href":"https:\/\/tvbrazilusa.com\/pt\/wp-json\/wp\/v2\/posts\/46520\/revisions\/46522"}],"wp:featuredmedia":[{"embeddable":true,"href":"https:\/\/tvbrazilusa.com\/pt\/wp-json\/wp\/v2\/media\/46521"}],"wp:attachment":[{"href":"https:\/\/tvbrazilusa.com\/pt\/wp-json\/wp\/v2\/media?parent=46520"}],"wp:term":[{"taxonomy":"category","embeddable":true,"href":"https:\/\/tvbrazilusa.com\/pt\/wp-json\/wp\/v2\/categories?post=46520"},{"taxonomy":"post_tag","embeddable":true,"href":"https:\/\/tvbrazilusa.com\/pt\/wp-json\/wp\/v2\/tags?post=46520"}],"curies":[{"name":"wp","href":"https:\/\/api.w.org\/{rel}","templated":true}]}}