{"id":46534,"date":"2024-10-09T18:00:57","date_gmt":"2024-10-09T18:00:57","guid":{"rendered":"https:\/\/tvbrazilusa.com\/2024\/10\/09\/agora-cinco-generais-entram-na-mira-do-tcu\/"},"modified":"2024-10-09T18:00:59","modified_gmt":"2024-10-09T18:00:59","slug":"agora-cinco-generais-entram-na-mira-do-tcu","status":"publish","type":"post","link":"https:\/\/tvbrazilusa.com\/pt\/2024\/10\/09\/agora-cinco-generais-entram-na-mira-do-tcu\/","title":{"rendered":"AGORA: Cinco generais entram na mira do TCU"},"content":{"rendered":"<p> <script async src=\"https:\/\/pagead2.googlesyndication.com\/pagead\/js\/adsbygoogle.js?client=ca-pub-8864793242727901\"\r\n     crossorigin=\"anonymous\"><\/script><br \/>\n<\/p>\n<div>\n<figure class=\"post-image\">\n<\/figure>\n<p><span style=\"font-size: 12px\">Arte\/ Metr\u00f3poles<\/span><\/p>\n<div id=\"taboola-read-more\" style=\"display:block; width:100%\">\n<p>Relat\u00f3rio sigiloso obtido pela coluna revela que o Ex\u00e9rcito Brasileiro descumpriu decis\u00e3o do Tribunal de Contas da Uni\u00e3o (TCU) de criar um sistema de fiscaliza\u00e7\u00e3o de armas de fogo e muni\u00e7\u00f5es no pa\u00eds. A ordem havia sido dada pelo TCU em ac\u00f3rd\u00e3o publicada em 2017, ou seja, h\u00e1 sete anos, mas at\u00e9 agora nada foi feito. O projeto sequer foi iniciado.\n<\/p>\n<p>Em raz\u00e3o do descumprimento, a \u00e1rea t\u00e9cnica do tribunal prop\u00f4s audi\u00eancia com cinco generais que chefiaram o Comando Log\u00edstico do Ex\u00e9rcito entre 2018 e 2024. O documento obtido pela coluna foi produzido pela Secretaria-Geral de Controle Externo do TCU no \u00faltimo dia 30 de julho.<\/p>\n<p>Na pr\u00e1tica, a proposta da oitiva significa que os auditores veem fatos concretos para responsabilizar os generais individualmente. A audi\u00eancia serve para ouvir o contradit\u00f3rio antes de aplicar eventuais puni\u00e7\u00f5es.\n<\/p>\n<p>Cinco generais passaram pelo Comando Log\u00edstico do Ex\u00e9rcito no per\u00edodo: Carlos Alberto Neiva Barcellos (2018-2020), Laerte de Souza Santos (2020-2021), Estevam Cals Theophilo Gaspar de Oliveira (2021-2022), Eduardo Antonio Fernandes (2022-2023) e Fl\u00e1vio Marcus Lancia Barbosa (2023-atual).\n<\/p>\n<div class=\"splide-container\">\n<div class=\"pre-slider\">\n<div class=\"splide__arrows\">A proposta da \u00e1rea t\u00e9cnica ser\u00e1 analisada pelo TCU na sess\u00e3o desta quarta-feira (9\/10). O relator \u00e9 o ministro Marcos Bemquerer.<\/p>\n<p>Em mar\u00e7o, o jornalista Vin\u00edcius Valfr\u00e9, do Estad\u00e3o, j\u00e1 havia publicado trechos de parecer t\u00e9cnico da Diretoria de Fiscaliza\u00e7\u00e3o da Defesa Nacional do TCU que apontava para a desobedi\u00eancia das obriga\u00e7\u00f5es impostas pelo \u00f3rg\u00e3o de controle.<\/p>\n<p>O novo relat\u00f3rio publicado agora pela coluna d\u00e1 nome aos respons\u00e1veis e diz que os cinco generais que chefiaram o Comando Log\u00edstico do Ex\u00e9rcito deveriam coordenar e adotar as medidas necess\u00e1rias para o in\u00edcio das atividades relativas \u00e0 fiscaliza\u00e7\u00e3o de armas de fogo. \u201cPor este motivo, considera-se necess\u00e1rio propor audi\u00eancia dos respons\u00e1veis pelo n\u00e3o atendimento \u00e0s decis\u00f5es prolatadas pelo TCU\u201d, diz o documento.<\/p>\n<p>O desenvolvimento do sistema de fiscaliza\u00e7\u00e3o de armas \u00e9 imposi\u00e7\u00e3o legal, e o TCU j\u00e1 publicou tr\u00eas decis\u00f5es ao longo dos \u00faltimos sete anos instando o gestor a adotar medidas para corrigir a irregularidade.<\/p>\n<p>No relat\u00f3rio, a \u00e1rea t\u00e9cnica do tribunal tamb\u00e9m destacou que as atividades impactadas pela omiss\u00e3o do Ex\u00e9rcito s\u00e3o \u201crelevantes\u201d e que a situa\u00e7\u00e3o irregular produziu efeitos que prejudicaram a \u201cefetividade, a efici\u00eancia e a transpar\u00eancia\u201d da pol\u00edtica p\u00fablica de fiscaliza\u00e7\u00e3o.<\/p>\n<\/div>\n<div class=\"splide__arrows\">Hoje o pa\u00eds tem quase 900 mil CACs (Ca\u00e7adores, Atiradores e Colecionadores de Armas), que est\u00e3o sob responsabilidade do Ex\u00e9rcito. Um outro relat\u00f3rio do TCU j\u00e1 mostrou que a For\u00e7a liberou armas de fogo para 5,2 mil condenados por crimes como tr\u00e1fico de drogas, roubo e homic\u00eddio, o que \u00e9 vedado pela lei.<\/p>\n<p>No \u00e2mbito do processo do TCU, o Ex\u00e9rcito admitiu n\u00e3o ter adotado qualquer medida para desenvolver o sistema de fiscaliza\u00e7\u00e3o de armas de fogo e muni\u00e7\u00f5es.<\/p>\n<p>\u201cApesar de haver alguns documentos que identificam a necessidade de tratar da mat\u00e9ria, n\u00e3o foi demonstrada a ado\u00e7\u00e3o de medidas concretas para dar cumprimento \u00e0 legisla\u00e7\u00e3o vigente e \u00e0s decis\u00f5es do TCU monitoradas neste processo\u201d, ressalta a Secretaria-Geral de Controle Externo.<\/p>\n<\/div>\n<p>\u00a0<\/p>\n<p>Fonte: Metr\u00f3poles<\/p>\n<\/div>\n<\/div><\/div>\n<div class=\"row mt-3\">\n<div class=\"col-sm-6\">\n<p><a href=\"https:\/\/chat.whatsapp.com\/J6hwSKYns5B0XFowx2wZ0P\" target=\"_blank\" rel=\"noopener\"><br \/>\n<img decoding=\"async\" src=\"https:\/\/diariodobrasilnoticias.com.br\/assets-site\/images\/bot_whatsapp.png\"\/><\/a>\n<\/div>\n<div class=\"col-sm-6\">\n<a href=\"https:\/\/t.me\/+_4gTmi5LKo03OTM5\" target=\"_blank\" rel=\"noopener\"><br \/>\n<img decoding=\"async\" src=\"https:\/\/diariodobrasilnoticias.com.br\/assets-site\/images\/bot_telegram.png\"\/><\/a>\n<\/div>\n<\/div>\n<\/div>\n<p><br \/>\n<br \/><a href=\"https:\/\/diariodobrasilnoticias.com.br\/noticia\/agora-cinco-generais-entram-na-mira-do-tcu-67069f8c5975f\">Source link <\/a><\/p>","protected":false},"excerpt":{"rendered":"<p>Arte\/ Metr\u00f3poles Relat\u00f3rio sigiloso obtido pela coluna revela que o Ex\u00e9rcito Brasileiro descumpriu decis\u00e3o do Tribunal de Contas da Uni\u00e3o (TCU) de criar um sistema de fiscaliza\u00e7\u00e3o de armas de&hellip;<\/p>","protected":false},"author":1,"featured_media":46535,"comment_status":"closed","ping_status":"open","sticky":false,"template":"","format":"standard","meta":{"content-type":"","footnotes":""},"categories":[16],"tags":[123,2448,5313,1267],"class_list":["post-46534","post","type-post","status-publish","format-standard","has-post-thumbnail","hentry","category-noticias","tag-brasil","tag-diario","tag-noticia","tag-noticias"],"_links":{"self":[{"href":"https:\/\/tvbrazilusa.com\/pt\/wp-json\/wp\/v2\/posts\/46534","targetHints":{"allow":["GET"]}}],"collection":[{"href":"https:\/\/tvbrazilusa.com\/pt\/wp-json\/wp\/v2\/posts"}],"about":[{"href":"https:\/\/tvbrazilusa.com\/pt\/wp-json\/wp\/v2\/types\/post"}],"author":[{"embeddable":true,"href":"https:\/\/tvbrazilusa.com\/pt\/wp-json\/wp\/v2\/users\/1"}],"replies":[{"embeddable":true,"href":"https:\/\/tvbrazilusa.com\/pt\/wp-json\/wp\/v2\/comments?post=46534"}],"version-history":[{"count":1,"href":"https:\/\/tvbrazilusa.com\/pt\/wp-json\/wp\/v2\/posts\/46534\/revisions"}],"predecessor-version":[{"id":46536,"href":"https:\/\/tvbrazilusa.com\/pt\/wp-json\/wp\/v2\/posts\/46534\/revisions\/46536"}],"wp:featuredmedia":[{"embeddable":true,"href":"https:\/\/tvbrazilusa.com\/pt\/wp-json\/wp\/v2\/media\/46535"}],"wp:attachment":[{"href":"https:\/\/tvbrazilusa.com\/pt\/wp-json\/wp\/v2\/media?parent=46534"}],"wp:term":[{"taxonomy":"category","embeddable":true,"href":"https:\/\/tvbrazilusa.com\/pt\/wp-json\/wp\/v2\/categories?post=46534"},{"taxonomy":"post_tag","embeddable":true,"href":"https:\/\/tvbrazilusa.com\/pt\/wp-json\/wp\/v2\/tags?post=46534"}],"curies":[{"name":"wp","href":"https:\/\/api.w.org\/{rel}","templated":true}]}}