{"id":46560,"date":"2024-10-09T19:19:37","date_gmt":"2024-10-09T19:19:37","guid":{"rendered":"https:\/\/tvbrazilusa.com\/2024\/10\/09\/universidade-federal-admite-que-manipulou-cotas-em-concurso\/"},"modified":"2024-10-09T19:19:38","modified_gmt":"2024-10-09T19:19:38","slug":"universidade-federal-admite-que-manipulou-cotas-em-concurso","status":"publish","type":"post","link":"https:\/\/tvbrazilusa.com\/pt\/2024\/10\/09\/universidade-federal-admite-que-manipulou-cotas-em-concurso\/","title":{"rendered":"Universidade federal admite que manipulou cotas em concurso"},"content":{"rendered":"<p> <script async src=\"https:\/\/pagead2.googlesyndication.com\/pagead\/js\/adsbygoogle.js?client=ca-pub-8864793242727901\"\r\n     crossorigin=\"anonymous\"><\/script><br \/>\n<\/p>\n<div id=\"taboola-read-more\" style=\"display:block; width:100%\">\n<p>A Universidade Federal de Sergipe (UFS) reconheceu que burlou o sistema de cotas raciais em concursos p\u00fablicos e deixou de aprovar 41 candidatos negros como professores efetivos de 2014 a 2019. A UFS firmou na semana passada um acordo judicial com o Minist\u00e9rio P\u00fablico Federal (MPF), que est\u00e1 em an\u00e1lise pela Justi\u00e7a.\n<\/p>\n<p>O acordo foi assinado no \u00e2mbito de um processo movido pelo MPF contra a universidade no ano passado. Segundo o MPF, a UFS agiu ilegalmente ao fracionar as vagas para os concursos de professores efetivos, em uma tentativa de n\u00e3o aplicar a cota de 20% das vagas para candidatos negros. Esse artif\u00edcio irregular foi usado pela universidade em 30 dos 32 concursos abertos entre 2014 e 2019, segundo o MPF.<\/p>\n<p>\u201cA atua\u00e7\u00e3o da universidade causou um preju\u00edzo grave \u00e0 concretiza\u00e7\u00e3o da a\u00e7\u00e3o afirmativa de cotas raciais, j\u00e1 que a institui\u00e7\u00e3o de ensino deixou de reservar 41 vagas aos candidatos negros nos editais publicados no per\u00edodo compreendido entre 2014 e 2019\u201d, escreveu a procuradora Martha Carvalho quando processou a UFS.\n<\/p>\n<p>Segundo o acordo assinado na \u00faltima semana, a UFS assume a obriga\u00e7\u00e3o de destinar as mesmas 41 vagas a candidatos negros, dobrando a cota de 20% para 40% com vistas a alcan\u00e7ar esse objetivo. A universidade federal se comprometeu tamb\u00e9m a \u201ccorrigir as distor\u00e7\u00f5es referentes ao acesso da popula\u00e7\u00e3o negra a cargos p\u00fablicos\u201d. Caso n\u00e3o cumpra o combinado, a institui\u00e7\u00e3o poder\u00e1 ser processada novamente e multada.\n<\/p>\n<p>Assinaram o documento o reitor da UFS, Valter Jovino; representantes do MPF; e o diretor-executivo da Educafro, Frei David. A entidade atuou no processo como amigo da corte.\n<\/p>\n<p>Procurada, a UFS n\u00e3o respondeu. O espa\u00e7o segue aberto a eventuais manifesta\u00e7\u00f5es.\n<\/p>\n<p>Em maio, o Senado aprovou ampliar de 20% para 30% as cotas em concurso p\u00fablico, em favor de candidatos pretos, pardos, ind\u00edgenas e quilombolas. A proposta agora \u00e9 analisada pela C\u00e2mara.\n<\/p>\n<p>Fonte: Metr\u00f3poles <\/p>\n<\/div>\n<p><br \/>\n<br \/><a href=\"https:\/\/diariodobrasilnoticias.com.br\/noticia\/universidade-federal-admite-que-manipulou-cotas-em-concurso-6706b5a3c894f\">Source link <\/a><\/p>","protected":false},"excerpt":{"rendered":"<p>A Universidade Federal de Sergipe (UFS) reconheceu que burlou o sistema de cotas raciais em concursos p\u00fablicos e deixou de aprovar 41 candidatos negros como professores efetivos de 2014 a&hellip;<\/p>","protected":false},"author":1,"featured_media":46561,"comment_status":"closed","ping_status":"open","sticky":false,"template":"","format":"standard","meta":{"content-type":"","footnotes":""},"categories":[16],"tags":[123,2448,5313,1267],"class_list":["post-46560","post","type-post","status-publish","format-standard","has-post-thumbnail","hentry","category-noticias","tag-brasil","tag-diario","tag-noticia","tag-noticias"],"_links":{"self":[{"href":"https:\/\/tvbrazilusa.com\/pt\/wp-json\/wp\/v2\/posts\/46560","targetHints":{"allow":["GET"]}}],"collection":[{"href":"https:\/\/tvbrazilusa.com\/pt\/wp-json\/wp\/v2\/posts"}],"about":[{"href":"https:\/\/tvbrazilusa.com\/pt\/wp-json\/wp\/v2\/types\/post"}],"author":[{"embeddable":true,"href":"https:\/\/tvbrazilusa.com\/pt\/wp-json\/wp\/v2\/users\/1"}],"replies":[{"embeddable":true,"href":"https:\/\/tvbrazilusa.com\/pt\/wp-json\/wp\/v2\/comments?post=46560"}],"version-history":[{"count":1,"href":"https:\/\/tvbrazilusa.com\/pt\/wp-json\/wp\/v2\/posts\/46560\/revisions"}],"predecessor-version":[{"id":46562,"href":"https:\/\/tvbrazilusa.com\/pt\/wp-json\/wp\/v2\/posts\/46560\/revisions\/46562"}],"wp:featuredmedia":[{"embeddable":true,"href":"https:\/\/tvbrazilusa.com\/pt\/wp-json\/wp\/v2\/media\/46561"}],"wp:attachment":[{"href":"https:\/\/tvbrazilusa.com\/pt\/wp-json\/wp\/v2\/media?parent=46560"}],"wp:term":[{"taxonomy":"category","embeddable":true,"href":"https:\/\/tvbrazilusa.com\/pt\/wp-json\/wp\/v2\/categories?post=46560"},{"taxonomy":"post_tag","embeddable":true,"href":"https:\/\/tvbrazilusa.com\/pt\/wp-json\/wp\/v2\/tags?post=46560"}],"curies":[{"name":"wp","href":"https:\/\/api.w.org\/{rel}","templated":true}]}}