{"id":46569,"date":"2024-10-09T19:47:29","date_gmt":"2024-10-09T19:47:29","guid":{"rendered":"https:\/\/tvbrazilusa.com\/2024\/10\/09\/tse-ratifica-a-vitoria-de-pezao-na-eleicao-para-a-prefeitura-de-uma-cidade-do-interior-do-rio\/"},"modified":"2024-10-09T19:47:30","modified_gmt":"2024-10-09T19:47:30","slug":"tse-ratifica-a-vitoria-de-pezao-na-eleicao-para-a-prefeitura-de-uma-cidade-do-interior-do-rio","status":"publish","type":"post","link":"https:\/\/tvbrazilusa.com\/pt\/2024\/10\/09\/tse-ratifica-a-vitoria-de-pezao-na-eleicao-para-a-prefeitura-de-uma-cidade-do-interior-do-rio\/","title":{"rendered":"TSE ratifica a vit\u00f3ria de Pez\u00e3o na elei\u00e7\u00e3o para a prefeitura de uma cidade do interior do Rio"},"content":{"rendered":"<p> <script async src=\"https:\/\/pagead2.googlesyndication.com\/pagead\/js\/adsbygoogle.js?client=ca-pub-8864793242727901\"\r\n     crossorigin=\"anonymous\"><\/script><br \/>\n<\/p>\n<div id=\"taboola-read-more\" style=\"display:block; width:100%\">\n<p>O Tribunal Superior Eleitoral (TSE) validou, nesta ter\u00e7a-feira (8), a vit\u00f3ria do ex-governador do Rio de Janeiro Luiz Fernando Pez\u00e3o (MDB) \u00e0 Prefeitura de Pira\u00ed, a cerca de 90 quil\u00f4metros da capital fluminense. Pez\u00e3o recebeu 10.714 votos (58,58% dos votos v\u00e1lidos) e desbancou o advers\u00e1rio Arthur Tutuca (PRD).\n<\/p>\n<p>A candidatura do ex-governador havia sido indeferida em primeira inst\u00e2ncia por causa de uma condena\u00e7\u00e3o recebida por improbidade administrativa. Segundo a a\u00e7\u00e3o, Pez\u00e3o n\u00e3o teria repassado \u00e0 \u00e1rea da sa\u00fade valores m\u00ednimos definidos em lei durante seu mandato como governador. A condena\u00e7\u00e3o, recebida em 2022, cassava seus direitos pol\u00edticos por cinco anos.<\/p>\n<p>Por\u00e9m, uma liminar do Supremo Tribunal Federal (STF) suspendeu os efeitos da condena\u00e7\u00e3o e, no \u00faltimo dia 4, o Tribunal Regional Eleitoral do Rio de Janeiro (TRE-RJ) julgou improcedente a a\u00e7\u00e3o de impugna\u00e7\u00e3o da candidatura dele.\n<\/p>\n<p>Pez\u00e3o volta \u00e0 sua cidade natal para comandar a prefeitura pela terceira vez. Ele, que foi chefe do Executivo do munic\u00edpio entre 1997 e 2005, come\u00e7ou sua carreira pol\u00edtica como vereador, em 1983.\n<\/p>\n<p>Foi vice-governador do estado do Rio na chapa de S\u00e9rgio Cabral entre 2007 e 2014 e assumiu o governo do estado no ano seguinte, mas n\u00e3o chegou a terminar o mandato. Em 2018, na esteira da Opera\u00e7\u00e3o Boca de Lobo, um dos bra\u00e7os da Lava Jato, foi preso por suposto recebimento de propina da federa\u00e7\u00e3o dos empres\u00e1rios do transporte do Rio.\n<\/p>\n<p>Ficou preso por um ano, entre novembro de 2018 e dezembro de 2019. Em 2021, foi condenado a 98 anos de pris\u00e3o pelos crimes de corrup\u00e7\u00e3o ativa e passiva, organiza\u00e7\u00e3o criminosa e lavagem de dinheiro, mas foi absolvido em 2023 depois das anula\u00e7\u00f5es das senten\u00e7as do ent\u00e3o juiz federal Marcelo Bretas.\n<\/p>\n<p>O vice-prefeito no seu futuro governo ser\u00e1 o vereador Alexandro Sena, do PSD \u2013 mesma legenda do prefeito da capital, Eduardo Paes. Al\u00e9m do PSD, est\u00e3o na coliga\u00e7\u00e3o do prefeito eleito de Pira\u00ed: Republicanos, PDT, Podemos, PRTB, PSB, Solidariedade, Cidadania, PSDB, PCdoB, PV e PT. Apesar da vasta alian\u00e7a, Pez\u00e3o n\u00e3o ter\u00e1 maioria na C\u00e2mara. Dos 11 vereadores eleitos, apenas tr\u00eas fazem parte de partidos unidos \u00e0 sua campanha.\n<\/p>\n<p>Fonte: Pleno News <\/p>\n<\/div>\n<p><br \/>\n<br \/><a href=\"https:\/\/diariodobrasilnoticias.com.br\/noticia\/tse-ratifica-a-vitoria-de-pezao-na-eleicao-para-a-prefeitura-de-uma-cidade-do-interior-do-rio-6706bd6a1557d\">Source link <\/a><\/p>","protected":false},"excerpt":{"rendered":"<p>O Tribunal Superior Eleitoral (TSE) validou, nesta ter\u00e7a-feira (8), a vit\u00f3ria do ex-governador do Rio de Janeiro Luiz Fernando Pez\u00e3o (MDB) \u00e0 Prefeitura de Pira\u00ed, a cerca de 90 quil\u00f4metros&hellip;<\/p>","protected":false},"author":1,"featured_media":46570,"comment_status":"closed","ping_status":"open","sticky":false,"template":"","format":"standard","meta":{"content-type":"","footnotes":""},"categories":[16],"tags":[123,2448,5313,1267],"class_list":["post-46569","post","type-post","status-publish","format-standard","has-post-thumbnail","hentry","category-noticias","tag-brasil","tag-diario","tag-noticia","tag-noticias"],"_links":{"self":[{"href":"https:\/\/tvbrazilusa.com\/pt\/wp-json\/wp\/v2\/posts\/46569","targetHints":{"allow":["GET"]}}],"collection":[{"href":"https:\/\/tvbrazilusa.com\/pt\/wp-json\/wp\/v2\/posts"}],"about":[{"href":"https:\/\/tvbrazilusa.com\/pt\/wp-json\/wp\/v2\/types\/post"}],"author":[{"embeddable":true,"href":"https:\/\/tvbrazilusa.com\/pt\/wp-json\/wp\/v2\/users\/1"}],"replies":[{"embeddable":true,"href":"https:\/\/tvbrazilusa.com\/pt\/wp-json\/wp\/v2\/comments?post=46569"}],"version-history":[{"count":1,"href":"https:\/\/tvbrazilusa.com\/pt\/wp-json\/wp\/v2\/posts\/46569\/revisions"}],"predecessor-version":[{"id":46571,"href":"https:\/\/tvbrazilusa.com\/pt\/wp-json\/wp\/v2\/posts\/46569\/revisions\/46571"}],"wp:featuredmedia":[{"embeddable":true,"href":"https:\/\/tvbrazilusa.com\/pt\/wp-json\/wp\/v2\/media\/46570"}],"wp:attachment":[{"href":"https:\/\/tvbrazilusa.com\/pt\/wp-json\/wp\/v2\/media?parent=46569"}],"wp:term":[{"taxonomy":"category","embeddable":true,"href":"https:\/\/tvbrazilusa.com\/pt\/wp-json\/wp\/v2\/categories?post=46569"},{"taxonomy":"post_tag","embeddable":true,"href":"https:\/\/tvbrazilusa.com\/pt\/wp-json\/wp\/v2\/tags?post=46569"}],"curies":[{"name":"wp","href":"https:\/\/api.w.org\/{rel}","templated":true}]}}