{"id":46585,"date":"2024-10-09T20:15:25","date_gmt":"2024-10-09T20:15:25","guid":{"rendered":"https:\/\/tvbrazilusa.com\/2024\/10\/09\/sinal-verde-semaforo-em-forma-de-maconha-atrai-olhares-em-cidade\/"},"modified":"2024-10-09T20:15:26","modified_gmt":"2024-10-09T20:15:26","slug":"sinal-verde-semaforo-em-forma-de-maconha-atrai-olhares-em-cidade","status":"publish","type":"post","link":"https:\/\/tvbrazilusa.com\/pt\/2024\/10\/09\/sinal-verde-semaforo-em-forma-de-maconha-atrai-olhares-em-cidade\/","title":{"rendered":"Sinal verde: sem\u00e1foro em forma de maconha atrai olhares em cidade"},"content":{"rendered":"<p> <script async src=\"https:\/\/pagead2.googlesyndication.com\/pagead\/js\/adsbygoogle.js?client=ca-pub-8864793242727901\"\r\n     crossorigin=\"anonymous\"><\/script><br \/>\n<\/p>\n<div>\n<figure class=\"post-image\">\n<\/figure>\n<p><span style=\"font-size: 12px\">Reprodu\u00e7\u00e3o<\/span><\/p>\n<div id=\"taboola-read-more\" style=\"display:block; width:100%\">\n<p>Um sem\u00e1foro com a imagem de uma folha de maconha chamou a aten\u00e7\u00e3o dos moradores da cidade de Apucarana (PR) na \u00faltima ter\u00e7a-feira (8). O munic\u00edpio fica no centro-norte do Paran\u00e1, a cerca de 365 quil\u00f4metros da capital Curitiba.\n<\/p>\n<p>O adesivo o formato da planta Cannabis sativa foi colocado por uma pessoa, ainda n\u00e3o identificada, em um dos sem\u00e1foros da rua Oswaldo Cruz, na regi\u00e3o central do munic\u00edpio. A imagem viralizou nas redes sociais.<\/p>\n<p><strong>Veja:<\/strong>\n<\/p>\n<p><strong><img decoding=\"async\" src=\"https:\/\/www.cnnbrasil.com.br\/wp-content\/uploads\/sites\/12\/2024\/10\/Semaforo-com-adesivo.jpg?resize=1024,576\" alt=\"\" width=\"100%\"\/><\/strong>\n<\/p>\n<p>A informa\u00e7\u00e3o foi confirmada pela CNN com a prefeitura da cidade, que informou que, a pedido do superintendente municipal de tr\u00e2nsito, Carlos Mendes, o adesivo foi retirado do local.\n<\/p>\n<p>Um assessor municipal, que preferiu n\u00e3o de identificar, resumiu o ato em \u201cvandalismo\u201d e salientou que a prefeitura atuar\u00e1 para coibir esse tipo de manifesta\u00e7\u00e3o.\n<\/p>\n<p>O C\u00f3digo de Tr\u00e2nsito Brasileiro (CTB) pro\u00edbe a fixa\u00e7\u00e3o de qualquer tipo de publicidade, inscri\u00e7\u00f5es, legendas ou s\u00edmbolos que n\u00e3o estejam relacionados com a mensagem da sinaliza\u00e7\u00e3o.\n<\/p>\n<p>Fonte: CNN Brasil <\/p>\n<\/div>\n<div class=\"row mt-3\">\n<div class=\"col-sm-6\">\n<p><a href=\"https:\/\/chat.whatsapp.com\/J6hwSKYns5B0XFowx2wZ0P\" target=\"_blank\" rel=\"noopener\"><br \/>\n<img decoding=\"async\" src=\"https:\/\/diariodobrasilnoticias.com.br\/assets-site\/images\/bot_whatsapp.png\"\/><\/a>\n<\/div>\n<div class=\"col-sm-6\">\n<a href=\"https:\/\/t.me\/+_4gTmi5LKo03OTM5\" target=\"_blank\" rel=\"noopener\"><br \/>\n<img decoding=\"async\" src=\"https:\/\/diariodobrasilnoticias.com.br\/assets-site\/images\/bot_telegram.png\"\/><\/a>\n<\/div>\n<\/div>\n<\/div>\n<p><br \/>\n<br \/><a href=\"https:\/\/diariodobrasilnoticias.com.br\/noticia\/sinal-verde-semaforo-em-forma-de-maconha-atrai-olhares-em-cidade-6706bfb026a75\">Source link <\/a><\/p>","protected":false},"excerpt":{"rendered":"<p>Reprodu\u00e7\u00e3o Um sem\u00e1foro com a imagem de uma folha de maconha chamou a aten\u00e7\u00e3o dos moradores da cidade de Apucarana (PR) na \u00faltima ter\u00e7a-feira (8). O munic\u00edpio fica no centro-norte&hellip;<\/p>","protected":false},"author":1,"featured_media":46586,"comment_status":"closed","ping_status":"open","sticky":false,"template":"","format":"standard","meta":{"content-type":"","footnotes":""},"categories":[16],"tags":[123,2448,5313,1267],"class_list":["post-46585","post","type-post","status-publish","format-standard","has-post-thumbnail","hentry","category-noticias","tag-brasil","tag-diario","tag-noticia","tag-noticias"],"_links":{"self":[{"href":"https:\/\/tvbrazilusa.com\/pt\/wp-json\/wp\/v2\/posts\/46585","targetHints":{"allow":["GET"]}}],"collection":[{"href":"https:\/\/tvbrazilusa.com\/pt\/wp-json\/wp\/v2\/posts"}],"about":[{"href":"https:\/\/tvbrazilusa.com\/pt\/wp-json\/wp\/v2\/types\/post"}],"author":[{"embeddable":true,"href":"https:\/\/tvbrazilusa.com\/pt\/wp-json\/wp\/v2\/users\/1"}],"replies":[{"embeddable":true,"href":"https:\/\/tvbrazilusa.com\/pt\/wp-json\/wp\/v2\/comments?post=46585"}],"version-history":[{"count":1,"href":"https:\/\/tvbrazilusa.com\/pt\/wp-json\/wp\/v2\/posts\/46585\/revisions"}],"predecessor-version":[{"id":46587,"href":"https:\/\/tvbrazilusa.com\/pt\/wp-json\/wp\/v2\/posts\/46585\/revisions\/46587"}],"wp:featuredmedia":[{"embeddable":true,"href":"https:\/\/tvbrazilusa.com\/pt\/wp-json\/wp\/v2\/media\/46586"}],"wp:attachment":[{"href":"https:\/\/tvbrazilusa.com\/pt\/wp-json\/wp\/v2\/media?parent=46585"}],"wp:term":[{"taxonomy":"category","embeddable":true,"href":"https:\/\/tvbrazilusa.com\/pt\/wp-json\/wp\/v2\/categories?post=46585"},{"taxonomy":"post_tag","embeddable":true,"href":"https:\/\/tvbrazilusa.com\/pt\/wp-json\/wp\/v2\/tags?post=46585"}],"curies":[{"name":"wp","href":"https:\/\/api.w.org\/{rel}","templated":true}]}}