{"id":46641,"date":"2024-10-09T22:43:04","date_gmt":"2024-10-09T22:43:04","guid":{"rendered":"https:\/\/tvbrazilusa.com\/2024\/10\/09\/em-mais-uma-vitoria-da-oposicao-ccj-aprova-impeachment-de-ministros-do-stf-que-interfiram-no-congresso-paulo-figueiredo\/"},"modified":"2024-10-09T22:54:21","modified_gmt":"2024-10-09T22:54:21","slug":"em-mais-uma-vitoria-da-oposicao-ccj-aprova-impeachment-de-ministros-do-stf-que-interfiram-no-congresso-paulo-figueiredo","status":"publish","type":"post","link":"https:\/\/tvbrazilusa.com\/pt\/2024\/10\/09\/em-mais-uma-vitoria-da-oposicao-ccj-aprova-impeachment-de-ministros-do-stf-que-interfiram-no-congresso-paulo-figueiredo\/","title":{"rendered":"Em mais uma vit\u00f3ria da oposi\u00e7\u00e3o, CCJ aprova impeachment de ministros do STF que interfiram no Congresso &#8211; Paulo Figueiredo"},"content":{"rendered":"<p> <script async src=\"https:\/\/pagead2.googlesyndication.com\/pagead\/js\/adsbygoogle.js?client=ca-pub-8864793242727901\"\r\n     crossorigin=\"anonymous\"><\/script><br \/>\n<\/p>\n<div id=\"wtr-content\" data-bg=\"#FFFFFF\" data-fg=\"#006d91\" data-width=\"25\" data-mute=\"1\" data-fgopacity=\"1.00\" data-mutedopacity=\"0.5\" data-placement=\"bottom\" data-placement-offset=\"0\" data-content-offset=\"262\" data-placement-touch=\"bottom\" data-placement-offset-touch=\"0\" data-transparent=\"\" data-shadow=\"0\" data-touch=\"1\" data-non-touch=\"1\" data-comments=\"0\" data-commentsbg=\"transparent\" data-location=\"page\" data-mutedfg=\"#006d91\" data-endfg=\"#006d91\" data-rtl=\"\">\n<p class=\"has-small-font-size\">Foto \u2013 Vinicius Loures\/C\u00e2mara dos Deputados<\/p>\n<h3 class=\"wp-block-heading\">Projeto de Lei recebeu 36 votos favor\u00e1veis e 12 contr\u00e1rios; proposta tinha sido rejeitado pela comiss\u00e3o em 2021<\/h3>\n<p>Em mais uma vit\u00f3ria da oposi\u00e7\u00e3o do governo Lula, a Comiss\u00e3o de Constitui\u00e7\u00e3o e Justi\u00e7a (CCJ) da C\u00e2mara aprovou o Projeto de Lei (PL) 4754\/2016. A proposta estabelece a possibilidade do impeachment de ministros do Supremo Tribunal Federal (STF) que usurpem as compet\u00eancias do Congresso Nacional.<\/p>\n<p>O projeto sobre o\u00a0<em>impeachment<\/em>\u00a0de ministros do STF foi aprovado por 36 votos a favor e 12 contra. N\u00e3o houve absten\u00e7\u00e3o. At\u00e9 o fim da tarde desta quarta-feira, 9, esta foi a terceira proposta aprovada pela comiss\u00e3o para frear a Suprema Corte.<\/p>\n<p>Mais cedo, a CCJ tamb\u00e9m aprovou as seguintes Propostas de Emenda \u00e0 Constitui\u00e7\u00e3o (PEC):\u00a0<strong>decis\u00f5es monocr\u00e1ticas<\/strong>\u00a0e possibilidade de\u00a0<strong>suspens\u00e3o de decis\u00e3o do STF<\/strong>\u00a0que ultrapasse a compet\u00eancia da Corte.<\/p>\n<h3 class=\"wp-block-heading\">PL quer \u201cpreencher lacuna\u201d sobre\u00a0<em>impeachment<\/em>\u00a0de ministros do STF<\/h3>\n<p>O PL de\u00a0<em>impeachment<\/em>\u00a0dos ministros do STF \u00e9 de autoria do deputado S\u00f3stenes Cavalcante (PL-RJ) e prop\u00f5e alterar o artigo 39 da Lei 1.079, de 10 de abril de 1950. Prev\u00ea incluir a \u201cusurpa\u00e7\u00e3o de compet\u00eancia\u201d do Poder Legislativo ou do Poder Executivo no rol de crimes de responsabilidade aplic\u00e1veis aos magistrados da Corte.<\/p>\n<p>Argumenta-se que a Lei 1.079\/1950, que define os crimes de responsabilidade, detalha de forma extensa as infra\u00e7\u00f5es cometidas pelo presidente da Rep\u00fablica e pelos ministros de Estado, mas \u00e9 insuficiente quando se trata dos membros do Poder Judici\u00e1rio.<\/p>\n<p>A proposta visa a preencher essa lacuna e garantir que os ministros do STF tamb\u00e9m sejam responsabilizados por a\u00e7\u00f5es que excedam suas compet\u00eancias constitucionais, refor\u00e7ando, assim, o equil\u00edbrio entre os Poderes.<\/p>\n<p>Conforme o texto apresentado pelo relator Alfredo Gaspar (Uni\u00e3o Brasil-AL), passariam a ser crimes de responsabilidade dos ministros, entre outras a\u00e7\u00f5es:<\/p>\n<ul class=\"wp-block-list\">\n<li>Interferir na compet\u00eancia do Congresso;<\/li>\n<li>Divulgar opini\u00e3o em meio de comunica\u00e7\u00e3o sobre processos pendentes de julgamento<\/li>\n<li>Viola\u00e7\u00e3o da imunidade parlamentar.<\/li>\n<\/ul>\n<p><strong><a href=\"https:\/\/revistaoeste.com\/politica\/em-mais-uma-vitoria-da-oposicao-ccj-aprova-iimpeachment-i-de-ministros-do-stf-que-interfiram-no-congresso\/\">Source link<\/a><\/strong><\/p>\n<\/div>\n<p><br \/>\n<br \/><a href=\"https:\/\/paulofigueiredoshow.com\/em-mais-uma-vitoria-da-oposicao-ccj-aprova-impeachment-de-ministros-do-stf-que-interfiram-no-congresso\/\">Source link <\/a><\/p>","protected":false},"excerpt":{"rendered":"<p>Foto \u2013 Vinicius Loures\/C\u00e2mara dos Deputados Projeto de Lei recebeu 36 votos favor\u00e1veis e 12 contr\u00e1rios; proposta tinha sido rejeitado pela comiss\u00e3o em 2021 Em mais uma vit\u00f3ria da oposi\u00e7\u00e3o&hellip;<\/p>","protected":false},"author":1,"featured_media":46642,"comment_status":"closed","ping_status":"open","sticky":false,"template":"","format":"standard","meta":{"content-type":"","footnotes":""},"categories":[16],"tags":[26452,26453,4771,1979,238,13088,2062,1603],"class_list":["post-46641","post","type-post","status-publish","format-standard","has-post-thumbnail","hentry","category-noticias","tag-aprpvacao","tag-atribuicao","tag-ccj","tag-congresso","tag-impeachment","tag-interferencia","tag-ministros","tag-pl"],"_links":{"self":[{"href":"https:\/\/tvbrazilusa.com\/pt\/wp-json\/wp\/v2\/posts\/46641","targetHints":{"allow":["GET"]}}],"collection":[{"href":"https:\/\/tvbrazilusa.com\/pt\/wp-json\/wp\/v2\/posts"}],"about":[{"href":"https:\/\/tvbrazilusa.com\/pt\/wp-json\/wp\/v2\/types\/post"}],"author":[{"embeddable":true,"href":"https:\/\/tvbrazilusa.com\/pt\/wp-json\/wp\/v2\/users\/1"}],"replies":[{"embeddable":true,"href":"https:\/\/tvbrazilusa.com\/pt\/wp-json\/wp\/v2\/comments?post=46641"}],"version-history":[{"count":1,"href":"https:\/\/tvbrazilusa.com\/pt\/wp-json\/wp\/v2\/posts\/46641\/revisions"}],"predecessor-version":[{"id":46643,"href":"https:\/\/tvbrazilusa.com\/pt\/wp-json\/wp\/v2\/posts\/46641\/revisions\/46643"}],"wp:featuredmedia":[{"embeddable":true,"href":"https:\/\/tvbrazilusa.com\/pt\/wp-json\/wp\/v2\/media\/46642"}],"wp:attachment":[{"href":"https:\/\/tvbrazilusa.com\/pt\/wp-json\/wp\/v2\/media?parent=46641"}],"wp:term":[{"taxonomy":"category","embeddable":true,"href":"https:\/\/tvbrazilusa.com\/pt\/wp-json\/wp\/v2\/categories?post=46641"},{"taxonomy":"post_tag","embeddable":true,"href":"https:\/\/tvbrazilusa.com\/pt\/wp-json\/wp\/v2\/tags?post=46641"}],"curies":[{"name":"wp","href":"https:\/\/api.w.org\/{rel}","templated":true}]}}