{"id":46650,"date":"2024-10-09T23:10:35","date_gmt":"2024-10-09T23:10:35","guid":{"rendered":"https:\/\/tvbrazilusa.com\/2024\/10\/09\/artigo-o-grande-panico-da-desinformacao-paulo-figueiredo\/"},"modified":"2024-10-09T23:31:34","modified_gmt":"2024-10-09T23:31:34","slug":"artigo-o-grande-panico-da-desinformacao-paulo-figueiredo","status":"publish","type":"post","link":"https:\/\/tvbrazilusa.com\/pt\/2024\/10\/09\/artigo-o-grande-panico-da-desinformacao-paulo-figueiredo\/","title":{"rendered":"Artigo &#8211; O grande p\u00e2nico da &#8220;desinforma\u00e7\u00e3o&#8221; &#8211; Paulo Figueiredo"},"content":{"rendered":"<p> <script async src=\"https:\/\/pagead2.googlesyndication.com\/pagead\/js\/adsbygoogle.js?client=ca-pub-8864793242727901\"\r\n     crossorigin=\"anonymous\"><\/script><br \/>\n<\/p>\n<div class=\"memberful-global-teaser-content\">\n<p><strong>Por Benjamin Schwarz &#038; Jon Zobenica<\/strong><\/p>\n<h3 class=\"wp-block-heading\">A cruzada da elite contra as \u201cfake news\u201d \u00e9 autorit\u00e1ria, antidemocr\u00e1tica e profundamente hip\u00f3crita.<\/h3>\n<p>A campanha transatl\u00e2ntica para conter a \u201cdesinforma\u00e7\u00e3o\u201d cresceu com a repulsa das elites diante dos resultados do referendo do Brexit em 2016, no Reino Unido, e da elei\u00e7\u00e3o de Donald Trump, tamb\u00e9m naquele ano. Essa campanha se intensificou com a perspectiva de reelei\u00e7\u00e3o de Trump nos EUA e ap\u00f3s os recentes dist\u00farbios no Reino Unido, desencadeados por relatos incorretos online de que a pessoa que esfaqueou fatalmente tr\u00eas crian\u00e7as em Southport, em 29 de julho, era um solicitante de asilo. Em ambos os pa\u00edses, a vis\u00e3o politicamente correta e sofisticada \u00e9 apoiar, em nome da democracia e da justi\u00e7a social, uma contradi\u00e7\u00e3o como o novo entusiasmo do governo trabalhista pelo policiamento e repress\u00e3o de conte\u00fados \u201clegais, mas prejudiciais\u201d online.<\/p>\n<\/div>\n<p>        .memberful-global-teaser-content p:last-child{<br \/>\n            -webkit-mask-image: linear-gradient(180deg, #000 0%, transparent);<br \/>\n            mask-image: linear-gradient(180deg, #000 0%, transparent);<br \/>\n        }<\/p>\n<div class=\"memberful-global-marketing-content\"><a href=\"https:\/\/paulofigueiredoshow.com\/apoie\/\" target=\"_blank\" rel=\"noopener\"><\/a><\/div>\n<p>O post <a href=\"https:\/\/paulofigueiredoshow.com\/artigo-o-grande-panico-da-desinformacao\/\">Artigo \u2013 O grande p\u00e2nico da \u201cdesinforma\u00e7\u00e3o\u201d<\/a> apareceu primeiro em <a href=\"https:\/\/paulofigueiredoshow.com\">Paulo Figueiredo<\/a>.<\/p>\n<p><br \/>\n<br \/><a href=\"https:\/\/paulofigueiredoshow.com\/artigo-o-grande-panico-da-desinformacao\/\">Source link <\/a><\/p>","protected":false},"excerpt":{"rendered":"<p>Por Benjamin Schwarz &#038; Jon Zobenica A cruzada da elite contra as \u201cfake news\u201d \u00e9 autorit\u00e1ria, antidemocr\u00e1tica e profundamente hip\u00f3crita. A campanha transatl\u00e2ntica para conter a \u201cdesinforma\u00e7\u00e3o\u201d cresceu com a&hellip;<\/p>","protected":false},"author":1,"featured_media":3277,"comment_status":"closed","ping_status":"open","sticky":false,"template":"","format":"standard","meta":{"content-type":"","footnotes":""},"categories":[16],"tags":[],"class_list":["post-46650","post","type-post","status-publish","format-standard","has-post-thumbnail","hentry","category-noticias"],"_links":{"self":[{"href":"https:\/\/tvbrazilusa.com\/pt\/wp-json\/wp\/v2\/posts\/46650","targetHints":{"allow":["GET"]}}],"collection":[{"href":"https:\/\/tvbrazilusa.com\/pt\/wp-json\/wp\/v2\/posts"}],"about":[{"href":"https:\/\/tvbrazilusa.com\/pt\/wp-json\/wp\/v2\/types\/post"}],"author":[{"embeddable":true,"href":"https:\/\/tvbrazilusa.com\/pt\/wp-json\/wp\/v2\/users\/1"}],"replies":[{"embeddable":true,"href":"https:\/\/tvbrazilusa.com\/pt\/wp-json\/wp\/v2\/comments?post=46650"}],"version-history":[{"count":1,"href":"https:\/\/tvbrazilusa.com\/pt\/wp-json\/wp\/v2\/posts\/46650\/revisions"}],"predecessor-version":[{"id":46651,"href":"https:\/\/tvbrazilusa.com\/pt\/wp-json\/wp\/v2\/posts\/46650\/revisions\/46651"}],"wp:featuredmedia":[{"embeddable":true,"href":"https:\/\/tvbrazilusa.com\/pt\/wp-json\/wp\/v2\/media\/3277"}],"wp:attachment":[{"href":"https:\/\/tvbrazilusa.com\/pt\/wp-json\/wp\/v2\/media?parent=46650"}],"wp:term":[{"taxonomy":"category","embeddable":true,"href":"https:\/\/tvbrazilusa.com\/pt\/wp-json\/wp\/v2\/categories?post=46650"},{"taxonomy":"post_tag","embeddable":true,"href":"https:\/\/tvbrazilusa.com\/pt\/wp-json\/wp\/v2\/tags?post=46650"}],"curies":[{"name":"wp","href":"https:\/\/api.w.org\/{rel}","templated":true}]}}