{"id":46888,"date":"2024-10-10T15:24:07","date_gmt":"2024-10-10T15:24:07","guid":{"rendered":"https:\/\/tvbrazilusa.com\/2024\/10\/10\/show-da-manha-marco-antonio-costa-adrilles-karina-michelin-bertorelli-e-sebastiao-coelho-10-10-24\/"},"modified":"2024-10-10T15:24:07","modified_gmt":"2024-10-10T15:24:07","slug":"show-da-manha-marco-antonio-costa-adrilles-karina-michelin-bertorelli-e-sebastiao-coelho-10-10-24","status":"publish","type":"post","link":"https:\/\/tvbrazilusa.com\/pt\/2024\/10\/10\/show-da-manha-marco-antonio-costa-adrilles-karina-michelin-bertorelli-e-sebastiao-coelho-10-10-24\/","title":{"rendered":"SHOW DA MANH\u00c3-MARCO ANT\u00d4NIO COSTA, ADRILLES, KARINA MICHELIN, BERTORELLI E SEBASTI\u00c3O COELHO-10\/10\/24"},"content":{"rendered":"<p><iframe  width=\"580\" height=\"385\" src=\"https:\/\/www.youtube.com\/embed\/pyLqcra179Y?modestbranding=1\" frameborder=\"0\" allowfullscreen><\/iframe><br \/>\n<br \/>Inscreva-se no nosso Canal!<\/p>\n<p>ASSINE A PLATAFORMA FIO DI\u00c1RIO, COM CONTE\u00daDOS EXCLUSIVOS: <\/p>\n<p>Peti\u00e7\u00e3o pelo Impeachment de Alexandre de Moraes: <\/p>\n<p>Ou\u00e7a no Spotify: <\/p>\n<p>Para contribuir com o Fio Di\u00e1rio, envie um PIX em nossa chave: contato@fiodiario.com<\/p>\n<p>Siga no Instagram:<\/p>\n<p>Marco Ant\u00f4nio Costa: <\/p>\n<p>Adrilles Jorge: <\/p>\n<p>Fio Di\u00e1rio: <\/p>\n<p><a href=\"https:\/\/www.youtube.com\/watch?v=pyLqcra179Y\">source<\/a><\/p>","protected":false},"excerpt":{"rendered":"<p>Inscreva-se no nosso Canal! ASSINE A PLATAFORMA FIO DI\u00c1RIO, COM CONTE\u00daDOS EXCLUSIVOS: Peti\u00e7\u00e3o pelo Impeachment de Alexandre de Moraes: Ou\u00e7a no Spotify: Para contribuir com o Fio Di\u00e1rio, envie um&hellip;<\/p>","protected":false},"author":1,"featured_media":46889,"comment_status":"","ping_status":"open","sticky":false,"template":"","format":"standard","meta":{"content-type":"","footnotes":""},"categories":[17],"tags":[560,559,921,26630,437,25949,9120,15720,894,63],"class_list":["post-46888","post","type-post","status-publish","format-standard","has-post-thumbnail","hentry","category-programas","tag-adrilles","tag-antonio","tag-bertorelli","tag-coelho101024","tag-costa","tag-karina","tag-manhamarco","tag-michelin","tag-sebastiao","tag-show"],"_links":{"self":[{"href":"https:\/\/tvbrazilusa.com\/pt\/wp-json\/wp\/v2\/posts\/46888","targetHints":{"allow":["GET"]}}],"collection":[{"href":"https:\/\/tvbrazilusa.com\/pt\/wp-json\/wp\/v2\/posts"}],"about":[{"href":"https:\/\/tvbrazilusa.com\/pt\/wp-json\/wp\/v2\/types\/post"}],"author":[{"embeddable":true,"href":"https:\/\/tvbrazilusa.com\/pt\/wp-json\/wp\/v2\/users\/1"}],"replies":[{"embeddable":true,"href":"https:\/\/tvbrazilusa.com\/pt\/wp-json\/wp\/v2\/comments?post=46888"}],"version-history":[{"count":0,"href":"https:\/\/tvbrazilusa.com\/pt\/wp-json\/wp\/v2\/posts\/46888\/revisions"}],"wp:featuredmedia":[{"embeddable":true,"href":"https:\/\/tvbrazilusa.com\/pt\/wp-json\/wp\/v2\/media\/46889"}],"wp:attachment":[{"href":"https:\/\/tvbrazilusa.com\/pt\/wp-json\/wp\/v2\/media?parent=46888"}],"wp:term":[{"taxonomy":"category","embeddable":true,"href":"https:\/\/tvbrazilusa.com\/pt\/wp-json\/wp\/v2\/categories?post=46888"},{"taxonomy":"post_tag","embeddable":true,"href":"https:\/\/tvbrazilusa.com\/pt\/wp-json\/wp\/v2\/tags?post=46888"}],"curies":[{"name":"wp","href":"https:\/\/api.w.org\/{rel}","templated":true}]}}