{"id":4701,"date":"2023-06-30T21:54:08","date_gmt":"2023-06-30T21:54:08","guid":{"rendered":"https:\/\/tvbrazilusa.com\/2023\/06\/30\/lula-diz-ter-orgulho-de-ser-chamado-de-comunista\/"},"modified":"2023-06-30T21:54:08","modified_gmt":"2023-06-30T21:54:08","slug":"lula-diz-ter-orgulho-de-ser-chamado-de-comunista","status":"publish","type":"post","link":"https:\/\/tvbrazilusa.com\/pt\/2023\/06\/30\/lula-diz-ter-orgulho-de-ser-chamado-de-comunista\/","title":{"rendered":"Lula diz ter ORGULHO de ser chamado de COMUNISTA"},"content":{"rendered":"<p><iframe  width=\"580\" height=\"385\" src=\"https:\/\/www.youtube.com\/embed\/WTLOiCB2kNo?modestbranding=1\" frameborder=\"0\" allowfullscreen><\/iframe><br \/>\n<br \/>A milit\u00e2ncia de reda\u00e7\u00e3o passou os \u00faltimos dias tentando dissociar o Foro de S\u00e3o Paulo e o PT do comunismo.<\/p>\n<p>Pois o descondenado participou da abertura do Foro, hoje, e disse que tem ORGULHO de ser chamado de comunista, a ideologia que MATOU mais de 100 milh\u00f5es de pessoas.<br \/>\n<br \/><a href=\"https:\/\/www.youtube.com\/watch?v=WTLOiCB2kNo\">source<\/a><\/p>","protected":false},"excerpt":{"rendered":"<p>A milit\u00e2ncia de reda\u00e7\u00e3o passou os \u00faltimos dias tentando dissociar o Foro de S\u00e3o Paulo e o PT do comunismo. Pois o descondenado participou da abertura do Foro, hoje, e&hellip;<\/p>","protected":false},"author":1,"featured_media":4702,"comment_status":"","ping_status":"open","sticky":false,"template":"","format":"standard","meta":{"content-type":"","footnotes":""},"categories":[1],"tags":[],"class_list":["post-4701","post","type-post","status-publish","format-standard","has-post-thumbnail","hentry","category-uncategorized"],"_links":{"self":[{"href":"https:\/\/tvbrazilusa.com\/pt\/wp-json\/wp\/v2\/posts\/4701","targetHints":{"allow":["GET"]}}],"collection":[{"href":"https:\/\/tvbrazilusa.com\/pt\/wp-json\/wp\/v2\/posts"}],"about":[{"href":"https:\/\/tvbrazilusa.com\/pt\/wp-json\/wp\/v2\/types\/post"}],"author":[{"embeddable":true,"href":"https:\/\/tvbrazilusa.com\/pt\/wp-json\/wp\/v2\/users\/1"}],"replies":[{"embeddable":true,"href":"https:\/\/tvbrazilusa.com\/pt\/wp-json\/wp\/v2\/comments?post=4701"}],"version-history":[{"count":0,"href":"https:\/\/tvbrazilusa.com\/pt\/wp-json\/wp\/v2\/posts\/4701\/revisions"}],"wp:featuredmedia":[{"embeddable":true,"href":"https:\/\/tvbrazilusa.com\/pt\/wp-json\/wp\/v2\/media\/4702"}],"wp:attachment":[{"href":"https:\/\/tvbrazilusa.com\/pt\/wp-json\/wp\/v2\/media?parent=4701"}],"wp:term":[{"taxonomy":"category","embeddable":true,"href":"https:\/\/tvbrazilusa.com\/pt\/wp-json\/wp\/v2\/categories?post=4701"},{"taxonomy":"post_tag","embeddable":true,"href":"https:\/\/tvbrazilusa.com\/pt\/wp-json\/wp\/v2\/tags?post=4701"}],"curies":[{"name":"wp","href":"https:\/\/api.w.org\/{rel}","templated":true}]}}