{"id":47055,"date":"2024-10-11T01:18:48","date_gmt":"2024-10-11T01:18:48","guid":{"rendered":"https:\/\/tvbrazilusa.com\/2024\/10\/11\/morre-pm-que-foi-baleado-com-quatro-tiros-ao-deixar-os-filhos-em-escola\/"},"modified":"2024-10-11T01:18:50","modified_gmt":"2024-10-11T01:18:50","slug":"morre-pm-que-foi-baleado-com-quatro-tiros-ao-deixar-os-filhos-em-escola","status":"publish","type":"post","link":"https:\/\/tvbrazilusa.com\/pt\/2024\/10\/11\/morre-pm-que-foi-baleado-com-quatro-tiros-ao-deixar-os-filhos-em-escola\/","title":{"rendered":"Morre PM que foi baleado com quatro tiros ao deixar os filhos em escola"},"content":{"rendered":"<p> <script async src=\"https:\/\/pagead2.googlesyndication.com\/pagead\/js\/adsbygoogle.js?client=ca-pub-8864793242727901\"\r\n     crossorigin=\"anonymous\"><\/script><br \/>\n<\/p>\n<div data-block-type=\"unstyled\" data-block-weight=\"56\" data-block-id=\"2\">\n<p class=\"content-text__container theme-color-primary-first-letter\" data-track-category=\"Link no Texto\" data-track-links=\"\" data-mrf-recirculation=\"Recomenda\u00e7\u00e3o meio do texto\">Atacado a tiros quando deixava os filhos em uma escola em Bangu, na Zona Oeste do Rio, no dia 24 de setembro deste ano, o subtenente Ant\u00f4nio Monteiro J\u00fanior morreu nesta quinta-feira. O policial militar de 42 anos estava internado no Hospital Central da Pol\u00edcia Militar. At\u00e9 o momento, os autores dos disparos ainda continuam foragidos.\n<\/p>\n<\/div>\n<p><br \/>\n<br \/><a href=\"https:\/\/diariodobrasilnoticias.com.br\/noticia\/morre-pm-que-foi-baleado-com-quatro-tiros-ao-deixar-os-filhos-em-escola-6708546f906a3\">Source link <\/a><\/p>","protected":false},"excerpt":{"rendered":"<p>Atacado a tiros quando deixava os filhos em uma escola em Bangu, na Zona Oeste do Rio, no dia 24 de setembro deste ano, o subtenente Ant\u00f4nio Monteiro J\u00fanior morreu&hellip;<\/p>","protected":false},"author":1,"featured_media":47056,"comment_status":"closed","ping_status":"open","sticky":false,"template":"","format":"standard","meta":{"content-type":"","footnotes":""},"categories":[16],"tags":[123,2448,5313,1267],"class_list":["post-47055","post","type-post","status-publish","format-standard","has-post-thumbnail","hentry","category-noticias","tag-brasil","tag-diario","tag-noticia","tag-noticias"],"_links":{"self":[{"href":"https:\/\/tvbrazilusa.com\/pt\/wp-json\/wp\/v2\/posts\/47055","targetHints":{"allow":["GET"]}}],"collection":[{"href":"https:\/\/tvbrazilusa.com\/pt\/wp-json\/wp\/v2\/posts"}],"about":[{"href":"https:\/\/tvbrazilusa.com\/pt\/wp-json\/wp\/v2\/types\/post"}],"author":[{"embeddable":true,"href":"https:\/\/tvbrazilusa.com\/pt\/wp-json\/wp\/v2\/users\/1"}],"replies":[{"embeddable":true,"href":"https:\/\/tvbrazilusa.com\/pt\/wp-json\/wp\/v2\/comments?post=47055"}],"version-history":[{"count":1,"href":"https:\/\/tvbrazilusa.com\/pt\/wp-json\/wp\/v2\/posts\/47055\/revisions"}],"predecessor-version":[{"id":47057,"href":"https:\/\/tvbrazilusa.com\/pt\/wp-json\/wp\/v2\/posts\/47055\/revisions\/47057"}],"wp:featuredmedia":[{"embeddable":true,"href":"https:\/\/tvbrazilusa.com\/pt\/wp-json\/wp\/v2\/media\/47056"}],"wp:attachment":[{"href":"https:\/\/tvbrazilusa.com\/pt\/wp-json\/wp\/v2\/media?parent=47055"}],"wp:term":[{"taxonomy":"category","embeddable":true,"href":"https:\/\/tvbrazilusa.com\/pt\/wp-json\/wp\/v2\/categories?post=47055"},{"taxonomy":"post_tag","embeddable":true,"href":"https:\/\/tvbrazilusa.com\/pt\/wp-json\/wp\/v2\/tags?post=47055"}],"curies":[{"name":"wp","href":"https:\/\/api.w.org\/{rel}","templated":true}]}}